{"id":10047,"date":"2023-10-25T13:58:42","date_gmt":"2023-10-25T17:58:42","guid":{"rendered":"https:\/\/www.parc-mille-iles.qc.ca\/?p=10047"},"modified":"2024-05-29T18:18:47","modified_gmt":"2024-05-29T22:18:47","slug":"behind-the-scenes-wintering","status":"publish","type":"post","link":"https:\/\/www.parc-mille-iles.qc.ca\/en\/behind-the-scenes-wintering\/","title":{"rendered":"Behind the scenes | Wintering"},"content":{"rendered":"<h4><strong>A little-known aspect of the park is certainly the winterization of the facilities.<\/strong><\/h4>\r\n<p><strong><span style=\"color: #0299d6;\">Discover one of the highlights of the year for the employees of the land development department.<\/span><\/strong><\/p>\r\n<p>Several steps are required to prepare our facilities and grounds for the cold season. Altogether, a dozen employees work at a hectic pace over several weeks to accomplish all these tasks. To make the most of summer, proper winterization is essential!<\/p>\r\n<p>First, the October weather is assessed and a closing date is set. The boat rental calendar is also studied to find out more about the last groups to visit us and their needs. Based on the results of these analyses, a timetable is put in place, and the team determines their work schedule to maximize the number of tasks and get everything done before the cold weather arrives. A marathon begins!<\/p>\r\n<h5><strong>The main steps<\/strong><\/h5>\r\n<ul>\r\n\t<li>Cleaning up our summer facilities for proper spring storage.<\/li>\r\n\t<li>Transporting boats from various park sites (Laval, Boisbriand, Rosem\u00e8re and Saint-Eustache) to our storage site in Auteuil.<\/li>\r\n\t<li>Towing the park&#8217;s many docks to the Berge du Garrot.<\/li>\r\n\t<li>Inspecting our boats to identify any repairs needed in the spring.<\/li>\r\n\t<li>Storage of furnishings at the Laval site, such as tables, umbrellas and chairs.<\/li>\r\n<\/ul>\r\n<h4><strong>Our Land Development team:<\/strong><\/h4>\r\n<ul>\r\n\t<li>Francis Martineau<\/li>\r\n\t<li>\u00c9ric-Martin Vidal<\/li>\r\n\t<li>Nicholas Valiquet-Berthelet<\/li>\r\n\t<li>Michel Bilodeau<\/li>\r\n\t<li>Jonathan Gauthier<\/li>\r\n\t<li>Christopher Nicastro<\/li>\r\n\t<li>Delphine Plante<\/li>\r\n\t<li>Manuel Riveti<\/li>\r\n\t<li>Hughes Saint-Pierre<\/li>\r\n\t<li>Louis Thibault<\/li>\r\n\t<li>Arielle Belisle<\/li>\r\n<\/ul>\r\n<p><strong><em>**Special thanks to Louis Thibault and the land development team for the photos, but also for taking time out of their busy schedules to contribute to this article!<\/em><\/strong><\/p>\r\n<p><img loading=\"lazy\" decoding=\"async\" class=\"alignnone wp-image-9118 size-large\" src=\"https:\/\/www.parc-mille-iles.qc.ca\/wp-content\/uploads\/2023\/10\/1-1-e1698266318460-1024x610.jpg\" alt=\"\" width=\"1024\" height=\"610\" srcset=\"https:\/\/www.parc-mille-iles.qc.ca\/wp-content\/uploads\/2023\/10\/1-1-e1698266318460-1024x610.jpg 1024w, https:\/\/www.parc-mille-iles.qc.ca\/wp-content\/uploads\/2023\/10\/1-1-e1698266318460-300x179.jpg 300w, https:\/\/www.parc-mille-iles.qc.ca\/wp-content\/uploads\/2023\/10\/1-1-e1698266318460-768x457.jpg 768w, https:\/\/www.parc-mille-iles.qc.ca\/wp-content\/uploads\/2023\/10\/1-1-e1698266318460-1536x915.jpg 1536w, https:\/\/www.parc-mille-iles.qc.ca\/wp-content\/uploads\/2023\/10\/1-1-e1698266318460.jpg 1813w\" sizes=\"auto, (max-width: 1024px) 100vw, 1024px\" \/> <img loading=\"lazy\" decoding=\"async\" class=\"alignnone wp-image-9120 size-large\" src=\"https:\/\/www.parc-mille-iles.qc.ca\/wp-content\/uploads\/2023\/10\/2-1-e1698266303264-1024x608.jpg\" alt=\"\" width=\"1024\" height=\"608\" srcset=\"https:\/\/www.parc-mille-iles.qc.ca\/wp-content\/uploads\/2023\/10\/2-1-e1698266303264-1024x608.jpg 1024w, https:\/\/www.parc-mille-iles.qc.ca\/wp-content\/uploads\/2023\/10\/2-1-e1698266303264-300x178.jpg 300w, https:\/\/www.parc-mille-iles.qc.ca\/wp-content\/uploads\/2023\/10\/2-1-e1698266303264-768x456.jpg 768w, https:\/\/www.parc-mille-iles.qc.ca\/wp-content\/uploads\/2023\/10\/2-1-e1698266303264-1536x911.jpg 1536w, https:\/\/www.parc-mille-iles.qc.ca\/wp-content\/uploads\/2023\/10\/2-1-e1698266303264.jpg 1820w\" sizes=\"auto, (max-width: 1024px) 100vw, 1024px\" \/> <img loading=\"lazy\" decoding=\"async\" class=\"alignnone wp-image-9122 size-large\" src=\"https:\/\/www.parc-mille-iles.qc.ca\/wp-content\/uploads\/2023\/10\/3-1-e1698266336239-1024x609.jpg\" alt=\"\" width=\"1024\" height=\"609\" srcset=\"https:\/\/www.parc-mille-iles.qc.ca\/wp-content\/uploads\/2023\/10\/3-1-e1698266336239-1024x609.jpg 1024w, https:\/\/www.parc-mille-iles.qc.ca\/wp-content\/uploads\/2023\/10\/3-1-e1698266336239-300x178.jpg 300w, https:\/\/www.parc-mille-iles.qc.ca\/wp-content\/uploads\/2023\/10\/3-1-e1698266336239-768x457.jpg 768w, https:\/\/www.parc-mille-iles.qc.ca\/wp-content\/uploads\/2023\/10\/3-1-e1698266336239-1536x913.jpg 1536w, https:\/\/www.parc-mille-iles.qc.ca\/wp-content\/uploads\/2023\/10\/3-1-e1698266336239.jpg 1816w\" sizes=\"auto, (max-width: 1024px) 100vw, 1024px\" \/> <img loading=\"lazy\" decoding=\"async\" class=\"alignnone wp-image-9124 size-large\" src=\"https:\/\/www.parc-mille-iles.qc.ca\/wp-content\/uploads\/2023\/10\/4-1-e1698266353212-1024x609.jpg\" alt=\"\" width=\"1024\" height=\"609\" srcset=\"https:\/\/www.parc-mille-iles.qc.ca\/wp-content\/uploads\/2023\/10\/4-1-e1698266353212-1024x609.jpg 1024w, https:\/\/www.parc-mille-iles.qc.ca\/wp-content\/uploads\/2023\/10\/4-1-e1698266353212-300x178.jpg 300w, https:\/\/www.parc-mille-iles.qc.ca\/wp-content\/uploads\/2023\/10\/4-1-e1698266353212-768x457.jpg 768w, https:\/\/www.parc-mille-iles.qc.ca\/wp-content\/uploads\/2023\/10\/4-1-e1698266353212-1536x913.jpg 1536w, https:\/\/www.parc-mille-iles.qc.ca\/wp-content\/uploads\/2023\/10\/4-1-e1698266353212.jpg 1816w\" sizes=\"auto, (max-width: 1024px) 100vw, 1024px\" \/><\/p>\r\n<h5><strong>Our biologists and customer service are also busy&#8230;<\/strong><\/h5>\r\n<p>Our conservation and education team is also involved in the winterization of the park. Last week, we saw them maintaining our landscaping on the Laval site so that everything looks beautiful in the spring. Many volunteers helped us with this task. In addition, the laboratory team is quietly preparing the hibernation of 4 of our resident turtles at the Centre de r\u00e9habilitation des tortues du Qu\u00e9bec. You&#8217;ll be fascinated to read a blog entry on this subject soon! Last but not least, customer service is hard at work cleaning up the boat rental facilities in the Exploration Center. Once the area has been emptied of the many paddles and personal flotation devices, it will be used, among other things, to store our Christmas trees, which will be on sale to benefit the CRTQ on December 2. More details to come!<\/p>","protected":false},"excerpt":{"rendered":"<p>A little-known aspect of the park is certainly the winterization of the facilities.<br \/>\nDiscover one of the highlights of the year for the employees of the land development department.<br \/>\nSeveral steps are required to prepare our facilities and grounds for the cold season. Altogether, a dozen employees work at a hectic pace over several weeks to accomplish all these tasks. To make the most of summer, proper winterization is essential!<br \/>\nFirst, the October weather is [&#8230;]<\/p>\n","protected":false},"author":11,"featured_media":9084,"comment_status":"closed","ping_status":"closed","sticky":false,"template":"","format":"standard","meta":{"_acf_changed":false,"footnotes":""},"categories":[29],"tags":[],"class_list":["post-10047","post","type-post","status-publish","format-standard","has-post-thumbnail","hentry","category-uncategorized"],"acf":[],"yoast_head":"<!-- This site is optimized with the Yoast SEO plugin v27.5 - https:\/\/yoast.com\/product\/yoast-seo-wordpress\/ -->\n<title>Behind the scenes | Wintering - Parc de la Rivi\u00e8re-des-Mille-\u00celes<\/title>\n<meta name=\"description\" content=\"Le refuge faunique de la Rivi\u00e8re-des-Mille-\u00celes est une aire prot\u00e9g\u00e9e situ\u00e9 sur la rivi\u00e8re du m\u00eame nom \u00e0 Laval et Rosem\u00e8re. Le territoire du refuge est compos\u00e9 de dix \u00eeles ayant une superficie totale de 26 ha. Elle est g\u00e9r\u00e9e par l&#039;organisme \u00c9co-Nature\" \/>\n<meta name=\"robots\" content=\"index, follow, max-snippet:-1, max-image-preview:large, max-video-preview:-1\" \/>\n<link rel=\"canonical\" href=\"https:\/\/www.parc-mille-iles.qc.ca\/les-coulisses-du-parc-lhivernisation\/\" \/>\n<meta property=\"og:locale\" content=\"en_US\" \/>\n<meta property=\"og:type\" content=\"article\" \/>\n<meta property=\"og:title\" content=\"Behind the scenes | Wintering - Parc de la Rivi\u00e8re-des-Mille-\u00celes\" \/>\n<meta property=\"og:description\" content=\"Le refuge faunique de la Rivi\u00e8re-des-Mille-\u00celes est une aire prot\u00e9g\u00e9e situ\u00e9 sur la rivi\u00e8re du m\u00eame nom \u00e0 Laval et Rosem\u00e8re. Le territoire du refuge est compos\u00e9 de dix \u00eeles ayant une superficie totale de 26 ha. Elle est g\u00e9r\u00e9e par l&#039;organisme \u00c9co-Nature\" \/>\n<meta property=\"og:url\" content=\"https:\/\/www.parc-mille-iles.qc.ca\/les-coulisses-du-parc-lhivernisation\/\" \/>\n<meta property=\"og:site_name\" content=\"Parc de la Rivi\u00e8re-des-Mille-\u00celes\" \/>\n<meta property=\"article:publisher\" content=\"https:\/\/fr-ca.facebook.com\/parc1000iles\/\" \/>\n<meta property=\"article:published_time\" content=\"2023-10-25T17:58:42+00:00\" \/>\n<meta property=\"article:modified_time\" content=\"2024-05-29T22:18:47+00:00\" \/>\n<meta property=\"og:image\" content=\"https:\/\/www.parc-mille-iles.qc.ca\/wp-content\/uploads\/2023\/10\/MicrosoftTeams-image-3.jpg\" \/>\n\t<meta property=\"og:image:width\" content=\"1767\" \/>\n\t<meta property=\"og:image:height\" content=\"1330\" \/>\n\t<meta property=\"og:image:type\" content=\"image\/jpeg\" \/>\n<meta name=\"author\" content=\"communication\" \/>\n<meta name=\"twitter:card\" content=\"summary_large_image\" \/>\n<meta name=\"twitter:label1\" content=\"Written by\" \/>\n\t<meta name=\"twitter:data1\" content=\"communication\" \/>\n\t<meta name=\"twitter:label2\" content=\"Est. reading time\" \/>\n\t<meta name=\"twitter:data2\" content=\"3 minutes\" \/>\n<script type=\"application\/ld+json\" class=\"yoast-schema-graph\">{\"@context\":\"https:\\\/\\\/schema.org\",\"@graph\":[{\"@type\":\"Article\",\"@id\":\"https:\\\/\\\/www.parc-mille-iles.qc.ca\\\/les-coulisses-du-parc-lhivernisation\\\/#article\",\"isPartOf\":{\"@id\":\"https:\\\/\\\/www.parc-mille-iles.qc.ca\\\/les-coulisses-du-parc-lhivernisation\\\/\"},\"author\":{\"name\":\"communication\",\"@id\":\"https:\\\/\\\/www.parc-mille-iles.qc.ca\\\/#\\\/schema\\\/person\\\/104238a021773b2655089c28db218b19\"},\"headline\":\"Behind the scenes | Wintering\",\"datePublished\":\"2023-10-25T17:58:42+00:00\",\"dateModified\":\"2024-05-29T22:18:47+00:00\",\"mainEntityOfPage\":{\"@id\":\"https:\\\/\\\/www.parc-mille-iles.qc.ca\\\/les-coulisses-du-parc-lhivernisation\\\/\"},\"wordCount\":413,\"image\":{\"@id\":\"https:\\\/\\\/www.parc-mille-iles.qc.ca\\\/les-coulisses-du-parc-lhivernisation\\\/#primaryimage\"},\"thumbnailUrl\":\"https:\\\/\\\/www.parc-mille-iles.qc.ca\\\/wp-content\\\/uploads\\\/2023\\\/10\\\/MicrosoftTeams-image-3.jpg\",\"inLanguage\":\"en-US\"},{\"@type\":\"WebPage\",\"@id\":\"https:\\\/\\\/www.parc-mille-iles.qc.ca\\\/les-coulisses-du-parc-lhivernisation\\\/\",\"url\":\"https:\\\/\\\/www.parc-mille-iles.qc.ca\\\/les-coulisses-du-parc-lhivernisation\\\/\",\"name\":\"Behind the scenes | Wintering - Parc de la Rivi\u00e8re-des-Mille-\u00celes\",\"isPartOf\":{\"@id\":\"https:\\\/\\\/www.parc-mille-iles.qc.ca\\\/#website\"},\"primaryImageOfPage\":{\"@id\":\"https:\\\/\\\/www.parc-mille-iles.qc.ca\\\/les-coulisses-du-parc-lhivernisation\\\/#primaryimage\"},\"image\":{\"@id\":\"https:\\\/\\\/www.parc-mille-iles.qc.ca\\\/les-coulisses-du-parc-lhivernisation\\\/#primaryimage\"},\"thumbnailUrl\":\"https:\\\/\\\/www.parc-mille-iles.qc.ca\\\/wp-content\\\/uploads\\\/2023\\\/10\\\/MicrosoftTeams-image-3.jpg\",\"datePublished\":\"2023-10-25T17:58:42+00:00\",\"dateModified\":\"2024-05-29T22:18:47+00:00\",\"author\":{\"@id\":\"https:\\\/\\\/www.parc-mille-iles.qc.ca\\\/#\\\/schema\\\/person\\\/104238a021773b2655089c28db218b19\"},\"description\":\"Le refuge faunique de la Rivi\u00e8re-des-Mille-\u00celes est une aire prot\u00e9g\u00e9e situ\u00e9 sur la rivi\u00e8re du m\u00eame nom \u00e0 Laval et Rosem\u00e8re. Le territoire du refuge est compos\u00e9 de dix \u00eeles ayant une superficie totale de 26 ha. Elle est g\u00e9r\u00e9e par l'organisme \u00c9co-Nature\",\"breadcrumb\":{\"@id\":\"https:\\\/\\\/www.parc-mille-iles.qc.ca\\\/les-coulisses-du-parc-lhivernisation\\\/#breadcrumb\"},\"inLanguage\":\"en-US\",\"potentialAction\":[{\"@type\":\"ReadAction\",\"target\":[\"https:\\\/\\\/www.parc-mille-iles.qc.ca\\\/les-coulisses-du-parc-lhivernisation\\\/\"]}]},{\"@type\":\"ImageObject\",\"inLanguage\":\"en-US\",\"@id\":\"https:\\\/\\\/www.parc-mille-iles.qc.ca\\\/les-coulisses-du-parc-lhivernisation\\\/#primaryimage\",\"url\":\"https:\\\/\\\/www.parc-mille-iles.qc.ca\\\/wp-content\\\/uploads\\\/2023\\\/10\\\/MicrosoftTeams-image-3.jpg\",\"contentUrl\":\"https:\\\/\\\/www.parc-mille-iles.qc.ca\\\/wp-content\\\/uploads\\\/2023\\\/10\\\/MicrosoftTeams-image-3.jpg\",\"width\":1767,\"height\":1330},{\"@type\":\"BreadcrumbList\",\"@id\":\"https:\\\/\\\/www.parc-mille-iles.qc.ca\\\/les-coulisses-du-parc-lhivernisation\\\/#breadcrumb\",\"itemListElement\":[{\"@type\":\"ListItem\",\"position\":1,\"name\":\"Accueil\",\"item\":\"https:\\\/\\\/www.parc-mille-iles.qc.ca\\\/en\\\/\"},{\"@type\":\"ListItem\",\"position\":2,\"name\":\"Behind the scenes | Wintering\"}]},{\"@type\":\"WebSite\",\"@id\":\"https:\\\/\\\/www.parc-mille-iles.qc.ca\\\/#website\",\"url\":\"https:\\\/\\\/www.parc-mille-iles.qc.ca\\\/\",\"name\":\"Parc de la Rivi\u00e8re-des-Mille-\u00celes\",\"description\":\"\",\"potentialAction\":[{\"@type\":\"SearchAction\",\"target\":{\"@type\":\"EntryPoint\",\"urlTemplate\":\"https:\\\/\\\/www.parc-mille-iles.qc.ca\\\/?s={search_term_string}\"},\"query-input\":{\"@type\":\"PropertyValueSpecification\",\"valueRequired\":true,\"valueName\":\"search_term_string\"}}],\"inLanguage\":\"en-US\"},{\"@type\":\"Person\",\"@id\":\"https:\\\/\\\/www.parc-mille-iles.qc.ca\\\/#\\\/schema\\\/person\\\/104238a021773b2655089c28db218b19\",\"name\":\"communication\",\"image\":{\"@type\":\"ImageObject\",\"inLanguage\":\"en-US\",\"@id\":\"https:\\\/\\\/secure.gravatar.com\\\/avatar\\\/8566990cef04c0538f98e1cea03f56797c10d480053cd560e97fc8278af5a701?s=96&d=mm&r=g\",\"url\":\"https:\\\/\\\/secure.gravatar.com\\\/avatar\\\/8566990cef04c0538f98e1cea03f56797c10d480053cd560e97fc8278af5a701?s=96&d=mm&r=g\",\"contentUrl\":\"https:\\\/\\\/secure.gravatar.com\\\/avatar\\\/8566990cef04c0538f98e1cea03f56797c10d480053cd560e97fc8278af5a701?s=96&d=mm&r=g\",\"caption\":\"communication\"}}]}<\/script>\n<!-- \/ Yoast SEO plugin. -->","yoast_head_json":{"title":"Behind the scenes | Wintering - Parc de la Rivi\u00e8re-des-Mille-\u00celes","description":"Le refuge faunique de la Rivi\u00e8re-des-Mille-\u00celes est une aire prot\u00e9g\u00e9e situ\u00e9 sur la rivi\u00e8re du m\u00eame nom \u00e0 Laval et Rosem\u00e8re. Le territoire du refuge est compos\u00e9 de dix \u00eeles ayant une superficie totale de 26 ha. Elle est g\u00e9r\u00e9e par l'organisme \u00c9co-Nature","robots":{"index":"index","follow":"follow","max-snippet":"max-snippet:-1","max-image-preview":"max-image-preview:large","max-video-preview":"max-video-preview:-1"},"canonical":"https:\/\/www.parc-mille-iles.qc.ca\/les-coulisses-du-parc-lhivernisation\/","og_locale":"en_US","og_type":"article","og_title":"Behind the scenes | Wintering - Parc de la Rivi\u00e8re-des-Mille-\u00celes","og_description":"Le refuge faunique de la Rivi\u00e8re-des-Mille-\u00celes est une aire prot\u00e9g\u00e9e situ\u00e9 sur la rivi\u00e8re du m\u00eame nom \u00e0 Laval et Rosem\u00e8re. Le territoire du refuge est compos\u00e9 de dix \u00eeles ayant une superficie totale de 26 ha. Elle est g\u00e9r\u00e9e par l'organisme \u00c9co-Nature","og_url":"https:\/\/www.parc-mille-iles.qc.ca\/les-coulisses-du-parc-lhivernisation\/","og_site_name":"Parc de la Rivi\u00e8re-des-Mille-\u00celes","article_publisher":"https:\/\/fr-ca.facebook.com\/parc1000iles\/","article_published_time":"2023-10-25T17:58:42+00:00","article_modified_time":"2024-05-29T22:18:47+00:00","og_image":[{"width":1767,"height":1330,"url":"https:\/\/www.parc-mille-iles.qc.ca\/wp-content\/uploads\/2023\/10\/MicrosoftTeams-image-3.jpg","type":"image\/jpeg"}],"author":"communication","twitter_card":"summary_large_image","twitter_misc":{"Written by":"communication","Est. reading time":"3 minutes"},"schema":{"@context":"https:\/\/schema.org","@graph":[{"@type":"Article","@id":"https:\/\/www.parc-mille-iles.qc.ca\/les-coulisses-du-parc-lhivernisation\/#article","isPartOf":{"@id":"https:\/\/www.parc-mille-iles.qc.ca\/les-coulisses-du-parc-lhivernisation\/"},"author":{"name":"communication","@id":"https:\/\/www.parc-mille-iles.qc.ca\/#\/schema\/person\/104238a021773b2655089c28db218b19"},"headline":"Behind the scenes | Wintering","datePublished":"2023-10-25T17:58:42+00:00","dateModified":"2024-05-29T22:18:47+00:00","mainEntityOfPage":{"@id":"https:\/\/www.parc-mille-iles.qc.ca\/les-coulisses-du-parc-lhivernisation\/"},"wordCount":413,"image":{"@id":"https:\/\/www.parc-mille-iles.qc.ca\/les-coulisses-du-parc-lhivernisation\/#primaryimage"},"thumbnailUrl":"https:\/\/www.parc-mille-iles.qc.ca\/wp-content\/uploads\/2023\/10\/MicrosoftTeams-image-3.jpg","inLanguage":"en-US"},{"@type":"WebPage","@id":"https:\/\/www.parc-mille-iles.qc.ca\/les-coulisses-du-parc-lhivernisation\/","url":"https:\/\/www.parc-mille-iles.qc.ca\/les-coulisses-du-parc-lhivernisation\/","name":"Behind the scenes | Wintering - Parc de la Rivi\u00e8re-des-Mille-\u00celes","isPartOf":{"@id":"https:\/\/www.parc-mille-iles.qc.ca\/#website"},"primaryImageOfPage":{"@id":"https:\/\/www.parc-mille-iles.qc.ca\/les-coulisses-du-parc-lhivernisation\/#primaryimage"},"image":{"@id":"https:\/\/www.parc-mille-iles.qc.ca\/les-coulisses-du-parc-lhivernisation\/#primaryimage"},"thumbnailUrl":"https:\/\/www.parc-mille-iles.qc.ca\/wp-content\/uploads\/2023\/10\/MicrosoftTeams-image-3.jpg","datePublished":"2023-10-25T17:58:42+00:00","dateModified":"2024-05-29T22:18:47+00:00","author":{"@id":"https:\/\/www.parc-mille-iles.qc.ca\/#\/schema\/person\/104238a021773b2655089c28db218b19"},"description":"Le refuge faunique de la Rivi\u00e8re-des-Mille-\u00celes est une aire prot\u00e9g\u00e9e situ\u00e9 sur la rivi\u00e8re du m\u00eame nom \u00e0 Laval et Rosem\u00e8re. Le territoire du refuge est compos\u00e9 de dix \u00eeles ayant une superficie totale de 26 ha. Elle est g\u00e9r\u00e9e par l'organisme \u00c9co-Nature","breadcrumb":{"@id":"https:\/\/www.parc-mille-iles.qc.ca\/les-coulisses-du-parc-lhivernisation\/#breadcrumb"},"inLanguage":"en-US","potentialAction":[{"@type":"ReadAction","target":["https:\/\/www.parc-mille-iles.qc.ca\/les-coulisses-du-parc-lhivernisation\/"]}]},{"@type":"ImageObject","inLanguage":"en-US","@id":"https:\/\/www.parc-mille-iles.qc.ca\/les-coulisses-du-parc-lhivernisation\/#primaryimage","url":"https:\/\/www.parc-mille-iles.qc.ca\/wp-content\/uploads\/2023\/10\/MicrosoftTeams-image-3.jpg","contentUrl":"https:\/\/www.parc-mille-iles.qc.ca\/wp-content\/uploads\/2023\/10\/MicrosoftTeams-image-3.jpg","width":1767,"height":1330},{"@type":"BreadcrumbList","@id":"https:\/\/www.parc-mille-iles.qc.ca\/les-coulisses-du-parc-lhivernisation\/#breadcrumb","itemListElement":[{"@type":"ListItem","position":1,"name":"Accueil","item":"https:\/\/www.parc-mille-iles.qc.ca\/en\/"},{"@type":"ListItem","position":2,"name":"Behind the scenes | Wintering"}]},{"@type":"WebSite","@id":"https:\/\/www.parc-mille-iles.qc.ca\/#website","url":"https:\/\/www.parc-mille-iles.qc.ca\/","name":"Parc de la Rivi\u00e8re-des-Mille-\u00celes","description":"","potentialAction":[{"@type":"SearchAction","target":{"@type":"EntryPoint","urlTemplate":"https:\/\/www.parc-mille-iles.qc.ca\/?s={search_term_string}"},"query-input":{"@type":"PropertyValueSpecification","valueRequired":true,"valueName":"search_term_string"}}],"inLanguage":"en-US"},{"@type":"Person","@id":"https:\/\/www.parc-mille-iles.qc.ca\/#\/schema\/person\/104238a021773b2655089c28db218b19","name":"communication","image":{"@type":"ImageObject","inLanguage":"en-US","@id":"https:\/\/secure.gravatar.com\/avatar\/8566990cef04c0538f98e1cea03f56797c10d480053cd560e97fc8278af5a701?s=96&d=mm&r=g","url":"https:\/\/secure.gravatar.com\/avatar\/8566990cef04c0538f98e1cea03f56797c10d480053cd560e97fc8278af5a701?s=96&d=mm&r=g","contentUrl":"https:\/\/secure.gravatar.com\/avatar\/8566990cef04c0538f98e1cea03f56797c10d480053cd560e97fc8278af5a701?s=96&d=mm&r=g","caption":"communication"}}]}},"_links":{"self":[{"href":"https:\/\/www.parc-mille-iles.qc.ca\/en\/wp-json\/wp\/v2\/posts\/10047","targetHints":{"allow":["GET"]}}],"collection":[{"href":"https:\/\/www.parc-mille-iles.qc.ca\/en\/wp-json\/wp\/v2\/posts"}],"about":[{"href":"https:\/\/www.parc-mille-iles.qc.ca\/en\/wp-json\/wp\/v2\/types\/post"}],"author":[{"embeddable":true,"href":"https:\/\/www.parc-mille-iles.qc.ca\/en\/wp-json\/wp\/v2\/users\/11"}],"replies":[{"embeddable":true,"href":"https:\/\/www.parc-mille-iles.qc.ca\/en\/wp-json\/wp\/v2\/comments?post=10047"}],"version-history":[{"count":4,"href":"https:\/\/www.parc-mille-iles.qc.ca\/en\/wp-json\/wp\/v2\/posts\/10047\/revisions"}],"predecessor-version":[{"id":10051,"href":"https:\/\/www.parc-mille-iles.qc.ca\/en\/wp-json\/wp\/v2\/posts\/10047\/revisions\/10051"}],"wp:featuredmedia":[{"embeddable":true,"href":"https:\/\/www.parc-mille-iles.qc.ca\/en\/wp-json\/wp\/v2\/media\/9084"}],"wp:attachment":[{"href":"https:\/\/www.parc-mille-iles.qc.ca\/en\/wp-json\/wp\/v2\/media?parent=10047"}],"wp:term":[{"taxonomy":"category","embeddable":true,"href":"https:\/\/www.parc-mille-iles.qc.ca\/en\/wp-json\/wp\/v2\/categories?post=10047"},{"taxonomy":"post_tag","embeddable":true,"href":"https:\/\/www.parc-mille-iles.qc.ca\/en\/wp-json\/wp\/v2\/tags?post=10047"}],"curies":[{"name":"wp","href":"https:\/\/api.w.org\/{rel}","templated":true}]}}