{"id":10061,"date":"2023-05-16T14:51:42","date_gmt":"2023-05-16T18:51:42","guid":{"rendered":"https:\/\/www.parc-mille-iles.qc.ca\/?p=10061"},"modified":"2024-05-30T15:52:27","modified_gmt":"2024-05-30T19:52:27","slug":"world-turtle-day-protecting-quebecs-species","status":"publish","type":"post","link":"https:\/\/www.parc-mille-iles.qc.ca\/en\/world-turtle-day-protecting-quebecs-species\/","title":{"rendered":"World Turtle Day: Protecting Quebec&#8217;s species"},"content":{"rendered":"<h4><strong>Celebrated every May 23 since 1990, World Turtle Day is an opportunity to celebrate the various species of turtle that inhabit every corner of the world. On this day, citizens are invited to learn more about turtles and commit to protecting the species and their habitats.<\/strong><\/h4>\r\n<p><strong><span style=\"color: #0299d6;\">This year, the theme \u201cI love turtles\u201d invites us to discover just how fascinating they are!<\/span><\/strong><\/p>\r\n<h5>Populations in decline, near and far<\/h5>\r\n<p>Sadly, turtles are in decline worldwide. Quebec is no exception, with all 8 species of freshwater turtle in a precarious situation. The main causes of this precarious situation? Habitat destruction and degradation, increased road mortality, excessive egg predation and unlawful captivity.<\/p>\r\n<p><img loading=\"lazy\" decoding=\"async\" class=\" wp-image-7167 aligncenter\" src=\"https:\/\/www.parc-mille-iles.qc.ca\/wp-content\/uploads\/2021\/10\/image-8.jpg\" alt=\"\" width=\"673\" height=\"448\" srcset=\"https:\/\/www.parc-mille-iles.qc.ca\/wp-content\/uploads\/2021\/10\/image-8.jpg 924w, https:\/\/www.parc-mille-iles.qc.ca\/wp-content\/uploads\/2021\/10\/image-8-300x200.jpg 300w, https:\/\/www.parc-mille-iles.qc.ca\/wp-content\/uploads\/2021\/10\/image-8-768x512.jpg 768w\" sizes=\"auto, (max-width: 673px) 100vw, 673px\" \/><\/p>\r\n<h5>The Center for the Rehabilitation of Quebec Turtles<\/h5>\r\n<p>The Centre de r\u00e9habilitation pour les tortues du Qu\u00e9bec (CRTQ) was born to reduce adult turtle mortality and increase the survival of younger turtles. Since it opened in 2016 at Parc de la Rivi\u00e8re-des-Mille-\u00celes, 340 native turtles have been admitted, mainly painted and snapping turtles, but also wood, map, Blanding&#8217;s turtles and a musk turtle.<\/p>\r\n<p>The majority of the specimens taken in are injured or sick turtles. Of these, 75% have already been released or will be released this summer. Others come to us because they were kept in captivity, which is illegal. Of the 51 turtles illegally kept in captivity, 32 have already been returned to the wild.<\/p>\r\n<p><img loading=\"lazy\" decoding=\"async\" class=\"aligncenter wp-image-8635 \" src=\"https:\/\/www.parc-mille-iles.qc.ca\/wp-content\/uploads\/2023\/04\/tortue-leo2.jpg\" alt=\"\" width=\"671\" height=\"445\" srcset=\"https:\/\/www.parc-mille-iles.qc.ca\/wp-content\/uploads\/2023\/04\/tortue-leo2.jpg 891w, https:\/\/www.parc-mille-iles.qc.ca\/wp-content\/uploads\/2023\/04\/tortue-leo2-300x199.jpg 300w, https:\/\/www.parc-mille-iles.qc.ca\/wp-content\/uploads\/2023\/04\/tortue-leo2-768x509.jpg 768w\" sizes=\"auto, (max-width: 671px) 100vw, 671px\" \/><\/p>\r\n<h5>A caring team<\/h5>\r\n<p>Turtles admitted to the Centre de r\u00e9habilitation des tortues du Qu\u00e9bec receive regular check-ups and undergo treatment plans developed and prescribed especially for them at the Centre v\u00e9t\u00e9rinaire de Laval and the Centre hospitalier universitaire v\u00e9t\u00e9rinaire de l&#8217;Universit\u00e9 de Montr\u00e9al. If the turtles lay eggs during their stay at the CRTQ, or if the veterinarians are able to recover eggs from injured turtles, the eggs are incubated to ensure they reach term. Thanks to these efforts, we were able to hatch 17 eggs in 2022. Some of these turtles, born under our care, have already been released back into the wild!<\/p>\r\n<p>In addition to volunteer veterinary care, citizen initiatives led by the CRTQ and awareness-raising activities in the area are contributing to the recovery of the province&#8217;s native turtle populations.<\/p>\r\n<h5>Turtles at the Exploration Center<\/h5>\r\n<p>Some specimens of turtles that have been illegally kept in captivity, or whose medical condition does not allow them to be returned to the wild, are admitted for long-term care. These turtles are part of the Parc de la Rivi\u00e8re-des-Mille-\u00celes permanent living collection. They help raise awareness of the issues and threats affecting these species, as well as providing educational opportunities to help protect and recover species at risk.<\/p>\r\n<p>\u00c9co-Nature&#8217;s protection and conservation team, which includes animal health technicians, bioecology technicians and biologists, under the supervision of the veterinary team at the Centre hospitalier universitaire v\u00e9t\u00e9rinaire (CHUV), takes the utmost care of the permanent living collection and ensures adequate conditions for their safekeeping.<\/p>\r\n<h5>Helping turtles in your own way<\/h5>\r\n<p>You too can make a positive difference to the survival of turtles around the world! From May to the end of October, take part in turtle monitoring in the natural environments of the Rivi\u00e8re des Mille-\u00celes.<\/p>\r\n<p><a href=\"https:\/\/www.parc-mille-iles.qc.ca\/en\/contact-us\/\">Contact us for more information.<\/a><\/p>\r\n<p><a href=\"https:\/\/www.zeffy.com\/fr-CA\/donation-form\/eb895c37-e0c5-480b-9357-fc4aea211086\">Make a donation.<\/a><\/p>","protected":false},"excerpt":{"rendered":"<p>Celebrated every May 23 since 1990, World Turtle Day is an opportunity to celebrate the various species of turtle that inhabit every corner of the world. On this day, citizens are invited to learn more about turtles and commit to protecting the species and their habitats.<br \/>\nThis year, the theme \u201cI love turtles\u201d invites us to discover just how fascinating they are!<br \/>\nPopulations in decline, near and far<br \/>\nSadly, turtles are in decline worldwide. Quebec [&#8230;]<\/p>\n","protected":false},"author":11,"featured_media":8690,"comment_status":"closed","ping_status":"closed","sticky":false,"template":"","format":"standard","meta":{"_acf_changed":false,"footnotes":""},"categories":[29],"tags":[],"class_list":["post-10061","post","type-post","status-publish","format-standard","has-post-thumbnail","hentry","category-uncategorized"],"acf":[],"yoast_head":"<!-- This site is optimized with the Yoast SEO plugin v27.5 - https:\/\/yoast.com\/product\/yoast-seo-wordpress\/ -->\n<title>World Turtle Day: Protecting Quebec&#039;s species - Parc de la Rivi\u00e8re-des-Mille-\u00celes<\/title>\n<meta name=\"description\" content=\"Le refuge faunique de la Rivi\u00e8re-des-Mille-\u00celes est une aire prot\u00e9g\u00e9e situ\u00e9 sur la rivi\u00e8re du m\u00eame nom \u00e0 Laval et Rosem\u00e8re. Le territoire du refuge est compos\u00e9 de dix \u00eeles ayant une superficie totale de 26 ha. Elle est g\u00e9r\u00e9e par l&#039;organisme \u00c9co-Nature\" \/>\n<meta name=\"robots\" content=\"index, follow, max-snippet:-1, max-image-preview:large, max-video-preview:-1\" \/>\n<link rel=\"canonical\" href=\"https:\/\/www.parc-mille-iles.qc.ca\/en\/world-turtle-day-protecting-quebecs-species\/\" \/>\n<meta property=\"og:locale\" content=\"en_US\" \/>\n<meta property=\"og:type\" content=\"article\" \/>\n<meta property=\"og:title\" content=\"World Turtle Day: Protecting Quebec&#039;s species - Parc de la Rivi\u00e8re-des-Mille-\u00celes\" \/>\n<meta property=\"og:description\" content=\"Le refuge faunique de la Rivi\u00e8re-des-Mille-\u00celes est une aire prot\u00e9g\u00e9e situ\u00e9 sur la rivi\u00e8re du m\u00eame nom \u00e0 Laval et Rosem\u00e8re. Le territoire du refuge est compos\u00e9 de dix \u00eeles ayant une superficie totale de 26 ha. Elle est g\u00e9r\u00e9e par l&#039;organisme \u00c9co-Nature\" \/>\n<meta property=\"og:url\" content=\"https:\/\/www.parc-mille-iles.qc.ca\/en\/world-turtle-day-protecting-quebecs-species\/\" \/>\n<meta property=\"og:site_name\" content=\"Parc de la Rivi\u00e8re-des-Mille-\u00celes\" \/>\n<meta property=\"article:publisher\" content=\"https:\/\/fr-ca.facebook.com\/parc1000iles\/\" \/>\n<meta property=\"article:published_time\" content=\"2023-05-16T18:51:42+00:00\" \/>\n<meta property=\"article:modified_time\" content=\"2024-05-30T19:52:27+00:00\" \/>\n<meta property=\"og:image\" content=\"https:\/\/www.parc-mille-iles.qc.ca\/wp-content\/uploads\/2023\/05\/Tortuepeinte_AndreChevrier.jpg\" \/>\n\t<meta property=\"og:image:width\" content=\"1647\" \/>\n\t<meta property=\"og:image:height\" content=\"1178\" \/>\n\t<meta property=\"og:image:type\" content=\"image\/jpeg\" \/>\n<meta name=\"author\" content=\"communication\" \/>\n<meta name=\"twitter:card\" content=\"summary_large_image\" \/>\n<meta name=\"twitter:label1\" content=\"Written by\" \/>\n\t<meta name=\"twitter:data1\" content=\"communication\" \/>\n\t<meta name=\"twitter:label2\" content=\"Est. reading time\" \/>\n\t<meta name=\"twitter:data2\" content=\"3 minutes\" \/>\n<script type=\"application\/ld+json\" class=\"yoast-schema-graph\">{\"@context\":\"https:\\\/\\\/schema.org\",\"@graph\":[{\"@type\":\"Article\",\"@id\":\"https:\\\/\\\/www.parc-mille-iles.qc.ca\\\/en\\\/world-turtle-day-protecting-quebecs-species\\\/#article\",\"isPartOf\":{\"@id\":\"https:\\\/\\\/www.parc-mille-iles.qc.ca\\\/en\\\/world-turtle-day-protecting-quebecs-species\\\/\"},\"author\":{\"name\":\"communication\",\"@id\":\"https:\\\/\\\/www.parc-mille-iles.qc.ca\\\/#\\\/schema\\\/person\\\/104238a021773b2655089c28db218b19\"},\"headline\":\"World Turtle Day: Protecting Quebec&#8217;s species\",\"datePublished\":\"2023-05-16T18:51:42+00:00\",\"dateModified\":\"2024-05-30T19:52:27+00:00\",\"mainEntityOfPage\":{\"@id\":\"https:\\\/\\\/www.parc-mille-iles.qc.ca\\\/en\\\/world-turtle-day-protecting-quebecs-species\\\/\"},\"wordCount\":545,\"image\":{\"@id\":\"https:\\\/\\\/www.parc-mille-iles.qc.ca\\\/en\\\/world-turtle-day-protecting-quebecs-species\\\/#primaryimage\"},\"thumbnailUrl\":\"https:\\\/\\\/www.parc-mille-iles.qc.ca\\\/wp-content\\\/uploads\\\/2023\\\/05\\\/Tortuepeinte_AndreChevrier.jpg\",\"inLanguage\":\"en-US\"},{\"@type\":\"WebPage\",\"@id\":\"https:\\\/\\\/www.parc-mille-iles.qc.ca\\\/en\\\/world-turtle-day-protecting-quebecs-species\\\/\",\"url\":\"https:\\\/\\\/www.parc-mille-iles.qc.ca\\\/en\\\/world-turtle-day-protecting-quebecs-species\\\/\",\"name\":\"World Turtle Day: Protecting Quebec's species - Parc de la Rivi\u00e8re-des-Mille-\u00celes\",\"isPartOf\":{\"@id\":\"https:\\\/\\\/www.parc-mille-iles.qc.ca\\\/#website\"},\"primaryImageOfPage\":{\"@id\":\"https:\\\/\\\/www.parc-mille-iles.qc.ca\\\/en\\\/world-turtle-day-protecting-quebecs-species\\\/#primaryimage\"},\"image\":{\"@id\":\"https:\\\/\\\/www.parc-mille-iles.qc.ca\\\/en\\\/world-turtle-day-protecting-quebecs-species\\\/#primaryimage\"},\"thumbnailUrl\":\"https:\\\/\\\/www.parc-mille-iles.qc.ca\\\/wp-content\\\/uploads\\\/2023\\\/05\\\/Tortuepeinte_AndreChevrier.jpg\",\"datePublished\":\"2023-05-16T18:51:42+00:00\",\"dateModified\":\"2024-05-30T19:52:27+00:00\",\"author\":{\"@id\":\"https:\\\/\\\/www.parc-mille-iles.qc.ca\\\/#\\\/schema\\\/person\\\/104238a021773b2655089c28db218b19\"},\"description\":\"Le refuge faunique de la Rivi\u00e8re-des-Mille-\u00celes est une aire prot\u00e9g\u00e9e situ\u00e9 sur la rivi\u00e8re du m\u00eame nom \u00e0 Laval et Rosem\u00e8re. Le territoire du refuge est compos\u00e9 de dix \u00eeles ayant une superficie totale de 26 ha. Elle est g\u00e9r\u00e9e par l'organisme \u00c9co-Nature\",\"breadcrumb\":{\"@id\":\"https:\\\/\\\/www.parc-mille-iles.qc.ca\\\/en\\\/world-turtle-day-protecting-quebecs-species\\\/#breadcrumb\"},\"inLanguage\":\"en-US\",\"potentialAction\":[{\"@type\":\"ReadAction\",\"target\":[\"https:\\\/\\\/www.parc-mille-iles.qc.ca\\\/en\\\/world-turtle-day-protecting-quebecs-species\\\/\"]}]},{\"@type\":\"ImageObject\",\"inLanguage\":\"en-US\",\"@id\":\"https:\\\/\\\/www.parc-mille-iles.qc.ca\\\/en\\\/world-turtle-day-protecting-quebecs-species\\\/#primaryimage\",\"url\":\"https:\\\/\\\/www.parc-mille-iles.qc.ca\\\/wp-content\\\/uploads\\\/2023\\\/05\\\/Tortuepeinte_AndreChevrier.jpg\",\"contentUrl\":\"https:\\\/\\\/www.parc-mille-iles.qc.ca\\\/wp-content\\\/uploads\\\/2023\\\/05\\\/Tortuepeinte_AndreChevrier.jpg\",\"width\":1647,\"height\":1178},{\"@type\":\"BreadcrumbList\",\"@id\":\"https:\\\/\\\/www.parc-mille-iles.qc.ca\\\/en\\\/world-turtle-day-protecting-quebecs-species\\\/#breadcrumb\",\"itemListElement\":[{\"@type\":\"ListItem\",\"position\":1,\"name\":\"Accueil\",\"item\":\"https:\\\/\\\/www.parc-mille-iles.qc.ca\\\/en\\\/\"},{\"@type\":\"ListItem\",\"position\":2,\"name\":\"World Turtle Day: Protecting Quebec&#8217;s species\"}]},{\"@type\":\"WebSite\",\"@id\":\"https:\\\/\\\/www.parc-mille-iles.qc.ca\\\/#website\",\"url\":\"https:\\\/\\\/www.parc-mille-iles.qc.ca\\\/\",\"name\":\"Parc de la Rivi\u00e8re-des-Mille-\u00celes\",\"description\":\"\",\"potentialAction\":[{\"@type\":\"SearchAction\",\"target\":{\"@type\":\"EntryPoint\",\"urlTemplate\":\"https:\\\/\\\/www.parc-mille-iles.qc.ca\\\/?s={search_term_string}\"},\"query-input\":{\"@type\":\"PropertyValueSpecification\",\"valueRequired\":true,\"valueName\":\"search_term_string\"}}],\"inLanguage\":\"en-US\"},{\"@type\":\"Person\",\"@id\":\"https:\\\/\\\/www.parc-mille-iles.qc.ca\\\/#\\\/schema\\\/person\\\/104238a021773b2655089c28db218b19\",\"name\":\"communication\",\"image\":{\"@type\":\"ImageObject\",\"inLanguage\":\"en-US\",\"@id\":\"https:\\\/\\\/secure.gravatar.com\\\/avatar\\\/8566990cef04c0538f98e1cea03f56797c10d480053cd560e97fc8278af5a701?s=96&d=mm&r=g\",\"url\":\"https:\\\/\\\/secure.gravatar.com\\\/avatar\\\/8566990cef04c0538f98e1cea03f56797c10d480053cd560e97fc8278af5a701?s=96&d=mm&r=g\",\"contentUrl\":\"https:\\\/\\\/secure.gravatar.com\\\/avatar\\\/8566990cef04c0538f98e1cea03f56797c10d480053cd560e97fc8278af5a701?s=96&d=mm&r=g\",\"caption\":\"communication\"}}]}<\/script>\n<!-- \/ Yoast SEO plugin. -->","yoast_head_json":{"title":"World Turtle Day: Protecting Quebec's species - Parc de la Rivi\u00e8re-des-Mille-\u00celes","description":"Le refuge faunique de la Rivi\u00e8re-des-Mille-\u00celes est une aire prot\u00e9g\u00e9e situ\u00e9 sur la rivi\u00e8re du m\u00eame nom \u00e0 Laval et Rosem\u00e8re. Le territoire du refuge est compos\u00e9 de dix \u00eeles ayant une superficie totale de 26 ha. Elle est g\u00e9r\u00e9e par l'organisme \u00c9co-Nature","robots":{"index":"index","follow":"follow","max-snippet":"max-snippet:-1","max-image-preview":"max-image-preview:large","max-video-preview":"max-video-preview:-1"},"canonical":"https:\/\/www.parc-mille-iles.qc.ca\/en\/world-turtle-day-protecting-quebecs-species\/","og_locale":"en_US","og_type":"article","og_title":"World Turtle Day: Protecting Quebec's species - Parc de la Rivi\u00e8re-des-Mille-\u00celes","og_description":"Le refuge faunique de la Rivi\u00e8re-des-Mille-\u00celes est une aire prot\u00e9g\u00e9e situ\u00e9 sur la rivi\u00e8re du m\u00eame nom \u00e0 Laval et Rosem\u00e8re. Le territoire du refuge est compos\u00e9 de dix \u00eeles ayant une superficie totale de 26 ha. Elle est g\u00e9r\u00e9e par l'organisme \u00c9co-Nature","og_url":"https:\/\/www.parc-mille-iles.qc.ca\/en\/world-turtle-day-protecting-quebecs-species\/","og_site_name":"Parc de la Rivi\u00e8re-des-Mille-\u00celes","article_publisher":"https:\/\/fr-ca.facebook.com\/parc1000iles\/","article_published_time":"2023-05-16T18:51:42+00:00","article_modified_time":"2024-05-30T19:52:27+00:00","og_image":[{"width":1647,"height":1178,"url":"https:\/\/www.parc-mille-iles.qc.ca\/wp-content\/uploads\/2023\/05\/Tortuepeinte_AndreChevrier.jpg","type":"image\/jpeg"}],"author":"communication","twitter_card":"summary_large_image","twitter_misc":{"Written by":"communication","Est. reading time":"3 minutes"},"schema":{"@context":"https:\/\/schema.org","@graph":[{"@type":"Article","@id":"https:\/\/www.parc-mille-iles.qc.ca\/en\/world-turtle-day-protecting-quebecs-species\/#article","isPartOf":{"@id":"https:\/\/www.parc-mille-iles.qc.ca\/en\/world-turtle-day-protecting-quebecs-species\/"},"author":{"name":"communication","@id":"https:\/\/www.parc-mille-iles.qc.ca\/#\/schema\/person\/104238a021773b2655089c28db218b19"},"headline":"World Turtle Day: Protecting Quebec&#8217;s species","datePublished":"2023-05-16T18:51:42+00:00","dateModified":"2024-05-30T19:52:27+00:00","mainEntityOfPage":{"@id":"https:\/\/www.parc-mille-iles.qc.ca\/en\/world-turtle-day-protecting-quebecs-species\/"},"wordCount":545,"image":{"@id":"https:\/\/www.parc-mille-iles.qc.ca\/en\/world-turtle-day-protecting-quebecs-species\/#primaryimage"},"thumbnailUrl":"https:\/\/www.parc-mille-iles.qc.ca\/wp-content\/uploads\/2023\/05\/Tortuepeinte_AndreChevrier.jpg","inLanguage":"en-US"},{"@type":"WebPage","@id":"https:\/\/www.parc-mille-iles.qc.ca\/en\/world-turtle-day-protecting-quebecs-species\/","url":"https:\/\/www.parc-mille-iles.qc.ca\/en\/world-turtle-day-protecting-quebecs-species\/","name":"World Turtle Day: Protecting Quebec's species - Parc de la Rivi\u00e8re-des-Mille-\u00celes","isPartOf":{"@id":"https:\/\/www.parc-mille-iles.qc.ca\/#website"},"primaryImageOfPage":{"@id":"https:\/\/www.parc-mille-iles.qc.ca\/en\/world-turtle-day-protecting-quebecs-species\/#primaryimage"},"image":{"@id":"https:\/\/www.parc-mille-iles.qc.ca\/en\/world-turtle-day-protecting-quebecs-species\/#primaryimage"},"thumbnailUrl":"https:\/\/www.parc-mille-iles.qc.ca\/wp-content\/uploads\/2023\/05\/Tortuepeinte_AndreChevrier.jpg","datePublished":"2023-05-16T18:51:42+00:00","dateModified":"2024-05-30T19:52:27+00:00","author":{"@id":"https:\/\/www.parc-mille-iles.qc.ca\/#\/schema\/person\/104238a021773b2655089c28db218b19"},"description":"Le refuge faunique de la Rivi\u00e8re-des-Mille-\u00celes est une aire prot\u00e9g\u00e9e situ\u00e9 sur la rivi\u00e8re du m\u00eame nom \u00e0 Laval et Rosem\u00e8re. Le territoire du refuge est compos\u00e9 de dix \u00eeles ayant une superficie totale de 26 ha. Elle est g\u00e9r\u00e9e par l'organisme \u00c9co-Nature","breadcrumb":{"@id":"https:\/\/www.parc-mille-iles.qc.ca\/en\/world-turtle-day-protecting-quebecs-species\/#breadcrumb"},"inLanguage":"en-US","potentialAction":[{"@type":"ReadAction","target":["https:\/\/www.parc-mille-iles.qc.ca\/en\/world-turtle-day-protecting-quebecs-species\/"]}]},{"@type":"ImageObject","inLanguage":"en-US","@id":"https:\/\/www.parc-mille-iles.qc.ca\/en\/world-turtle-day-protecting-quebecs-species\/#primaryimage","url":"https:\/\/www.parc-mille-iles.qc.ca\/wp-content\/uploads\/2023\/05\/Tortuepeinte_AndreChevrier.jpg","contentUrl":"https:\/\/www.parc-mille-iles.qc.ca\/wp-content\/uploads\/2023\/05\/Tortuepeinte_AndreChevrier.jpg","width":1647,"height":1178},{"@type":"BreadcrumbList","@id":"https:\/\/www.parc-mille-iles.qc.ca\/en\/world-turtle-day-protecting-quebecs-species\/#breadcrumb","itemListElement":[{"@type":"ListItem","position":1,"name":"Accueil","item":"https:\/\/www.parc-mille-iles.qc.ca\/en\/"},{"@type":"ListItem","position":2,"name":"World Turtle Day: Protecting Quebec&#8217;s species"}]},{"@type":"WebSite","@id":"https:\/\/www.parc-mille-iles.qc.ca\/#website","url":"https:\/\/www.parc-mille-iles.qc.ca\/","name":"Parc de la Rivi\u00e8re-des-Mille-\u00celes","description":"","potentialAction":[{"@type":"SearchAction","target":{"@type":"EntryPoint","urlTemplate":"https:\/\/www.parc-mille-iles.qc.ca\/?s={search_term_string}"},"query-input":{"@type":"PropertyValueSpecification","valueRequired":true,"valueName":"search_term_string"}}],"inLanguage":"en-US"},{"@type":"Person","@id":"https:\/\/www.parc-mille-iles.qc.ca\/#\/schema\/person\/104238a021773b2655089c28db218b19","name":"communication","image":{"@type":"ImageObject","inLanguage":"en-US","@id":"https:\/\/secure.gravatar.com\/avatar\/8566990cef04c0538f98e1cea03f56797c10d480053cd560e97fc8278af5a701?s=96&d=mm&r=g","url":"https:\/\/secure.gravatar.com\/avatar\/8566990cef04c0538f98e1cea03f56797c10d480053cd560e97fc8278af5a701?s=96&d=mm&r=g","contentUrl":"https:\/\/secure.gravatar.com\/avatar\/8566990cef04c0538f98e1cea03f56797c10d480053cd560e97fc8278af5a701?s=96&d=mm&r=g","caption":"communication"}}]}},"_links":{"self":[{"href":"https:\/\/www.parc-mille-iles.qc.ca\/en\/wp-json\/wp\/v2\/posts\/10061","targetHints":{"allow":["GET"]}}],"collection":[{"href":"https:\/\/www.parc-mille-iles.qc.ca\/en\/wp-json\/wp\/v2\/posts"}],"about":[{"href":"https:\/\/www.parc-mille-iles.qc.ca\/en\/wp-json\/wp\/v2\/types\/post"}],"author":[{"embeddable":true,"href":"https:\/\/www.parc-mille-iles.qc.ca\/en\/wp-json\/wp\/v2\/users\/11"}],"replies":[{"embeddable":true,"href":"https:\/\/www.parc-mille-iles.qc.ca\/en\/wp-json\/wp\/v2\/comments?post=10061"}],"version-history":[{"count":2,"href":"https:\/\/www.parc-mille-iles.qc.ca\/en\/wp-json\/wp\/v2\/posts\/10061\/revisions"}],"predecessor-version":[{"id":10063,"href":"https:\/\/www.parc-mille-iles.qc.ca\/en\/wp-json\/wp\/v2\/posts\/10061\/revisions\/10063"}],"wp:featuredmedia":[{"embeddable":true,"href":"https:\/\/www.parc-mille-iles.qc.ca\/en\/wp-json\/wp\/v2\/media\/8690"}],"wp:attachment":[{"href":"https:\/\/www.parc-mille-iles.qc.ca\/en\/wp-json\/wp\/v2\/media?parent=10061"}],"wp:term":[{"taxonomy":"category","embeddable":true,"href":"https:\/\/www.parc-mille-iles.qc.ca\/en\/wp-json\/wp\/v2\/categories?post=10061"},{"taxonomy":"post_tag","embeddable":true,"href":"https:\/\/www.parc-mille-iles.qc.ca\/en\/wp-json\/wp\/v2\/tags?post=10061"}],"curies":[{"name":"wp","href":"https:\/\/api.w.org\/{rel}","templated":true}]}}