{"id":10076,"date":"2021-09-30T16:52:25","date_gmt":"2021-09-30T20:52:25","guid":{"rendered":"https:\/\/www.parc-mille-iles.qc.ca\/?p=10076"},"modified":"2024-05-30T17:05:03","modified_gmt":"2024-05-30T21:05:03","slug":"four-reasons-to-visit-cafe-de-larchipel","status":"publish","type":"post","link":"https:\/\/www.parc-mille-iles.qc.ca\/en\/four-reasons-to-visit-cafe-de-larchipel\/","title":{"rendered":"Four reasons to visit Caf\u00e9 de l&#8217;Archipel"},"content":{"rendered":"<p style=\"text-align: center;\"><strong>Four reasons to visit the Caf\u00e9 de l&#8217;Archipel<\/strong><\/p>\r\n<p style=\"text-align: center;\">After a hike along the river or a visit to our <a href=\"https:\/\/www.parc-mille-iles.qc.ca\/en\/activities\/believe-it-or-not\/\">museum<\/a>, a snack is a must. Discover four reasons why Caf\u00e9 de l&#8217;Archipel is a place not to be missed.<\/p>\r\n<p style=\"text-align: center;\"><strong>Cozy location<\/strong><\/p>\r\n<p style=\"text-align: center;\">Located in our Exploration Center, the caf\u00e9 is an ideal place to enjoy our delicious products. Take advantage of our sunny terrace or our large, modern, windowed space to admire the river&#8217;s autumnal landscape while enjoying a comforting beverage.<\/p>\r\n<p style=\"text-align: center;\"><strong>Decadent menu<\/strong><\/p>\r\n<p style=\"text-align: center;\">Take this opportunity to discover our new<a href=\"https:\/\/www.parc-mille-iles.qc.ca\/centre-dexploration\/cafe\/\"> autumn menu<\/a>. Enjoy decadent pastries, gourmet sandwiches, comforting soups and autumnal coffees. With the arrival of fall, we&#8217;re pleased to offer our visitors a variety of products that will warm your heart as the weather turns colder.<\/p>\r\n<p><img loading=\"lazy\" decoding=\"async\" class=\"wp-image-7131 aligncenter\" src=\"https:\/\/www.parc-mille-iles.qc.ca\/wp-content\/uploads\/2021\/09\/883e5b50-40a6-937f-063d-69fd9e1285c7-2-1024x343.jpg\" alt=\"\" width=\"632\" height=\"212\" srcset=\"https:\/\/www.parc-mille-iles.qc.ca\/wp-content\/uploads\/2021\/09\/883e5b50-40a6-937f-063d-69fd9e1285c7-2-1024x343.jpg 1024w, https:\/\/www.parc-mille-iles.qc.ca\/wp-content\/uploads\/2021\/09\/883e5b50-40a6-937f-063d-69fd9e1285c7-2-300x100.jpg 300w, https:\/\/www.parc-mille-iles.qc.ca\/wp-content\/uploads\/2021\/09\/883e5b50-40a6-937f-063d-69fd9e1285c7-2-768x257.jpg 768w, https:\/\/www.parc-mille-iles.qc.ca\/wp-content\/uploads\/2021\/09\/883e5b50-40a6-937f-063d-69fd9e1285c7-2-1536x514.jpg 1536w, https:\/\/www.parc-mille-iles.qc.ca\/wp-content\/uploads\/2021\/09\/883e5b50-40a6-937f-063d-69fd9e1285c7-2.jpg 2048w\" sizes=\"auto, (max-width: 632px) 100vw, 632px\" \/><\/p>\r\n<p style=\"text-align: center;\"><strong>A major collaboration<\/strong><\/p>\r\n<p style=\"text-align: center;\">We&#8217;re delighted to continue our wonderful partnership with Caf\u00e9 de la Concorde, a local business which shares our values and aims to be self-sufficient. We&#8217;re proud to say that this summer, thanks to their small garden of four planters, a large majority of the herbs, tomatoes and lettuces for their sandwiches and salads came from their garden.<\/p>\r\n<p style=\"text-align: center;\"><strong>Incredible discount<\/strong><\/p>\r\n<p style=\"text-align: center;\">In addition to all these incredible reasons to come and discover our caf\u00e9, we&#8217;ve created a special offer for our visitors to celebrate the arrival of autumn. Tomorrow, October 1, to mark World Coffee Day and International Day of Older Persons, <strong>we&#8217;re offering a 15% discount on all our coffee products by mentioning the code #Archipel15!<\/strong><\/p>\r\n<p style=\"text-align: center;\">Be sure to visit our Caf\u00e9 de l&#8217;Archipel. You&#8217;ll enjoy tasty food in a friendly atmosphere!<\/p>","protected":false},"excerpt":{"rendered":"<p>Four reasons to visit the Caf\u00e9 de l&#8217;Archipel<br \/>\nAfter a hike along the river or a visit to our <a href=\"https:\/\/www.parc-mille-iles.qc.ca\/en\/activities\/believe-it-or-not\/\">museum<\/a>, a snack is a must. Discover four reasons why Caf\u00e9 de l&#8217;Archipel is a place not to be missed.<br \/>\nCozy location<br \/>\nLocated in our Exploration Center, the caf\u00e9 is an ideal place to enjoy our delicious products. Take advantage of our sunny terrace or our large, modern, windowed space to admire the [&#8230;]<\/p>\n","protected":false},"author":11,"featured_media":7139,"comment_status":"closed","ping_status":"closed","sticky":false,"template":"","format":"standard","meta":{"_acf_changed":false,"footnotes":""},"categories":[29],"tags":[],"class_list":["post-10076","post","type-post","status-publish","format-standard","has-post-thumbnail","hentry","category-uncategorized"],"acf":[],"yoast_head":"<!-- This site is optimized with the Yoast SEO plugin v27.5 - https:\/\/yoast.com\/product\/yoast-seo-wordpress\/ -->\n<title>Four reasons to visit Caf\u00e9 de l&#039;Archipel - Parc de la Rivi\u00e8re-des-Mille-\u00celes<\/title>\n<meta name=\"description\" content=\"Le refuge faunique de la Rivi\u00e8re-des-Mille-\u00celes est une aire prot\u00e9g\u00e9e situ\u00e9 sur la rivi\u00e8re du m\u00eame nom \u00e0 Laval et Rosem\u00e8re. Le territoire du refuge est compos\u00e9 de dix \u00eeles ayant une superficie totale de 26 ha. Elle est g\u00e9r\u00e9e par l&#039;organisme \u00c9co-Nature\" \/>\n<meta name=\"robots\" content=\"index, follow, max-snippet:-1, max-image-preview:large, max-video-preview:-1\" \/>\n<link rel=\"canonical\" href=\"https:\/\/www.parc-mille-iles.qc.ca\/en\/four-reasons-to-visit-cafe-de-larchipel\/\" \/>\n<meta property=\"og:locale\" content=\"en_US\" \/>\n<meta property=\"og:type\" content=\"article\" \/>\n<meta property=\"og:title\" content=\"Four reasons to visit Caf\u00e9 de l&#039;Archipel - Parc de la Rivi\u00e8re-des-Mille-\u00celes\" \/>\n<meta property=\"og:description\" content=\"Le refuge faunique de la Rivi\u00e8re-des-Mille-\u00celes est une aire prot\u00e9g\u00e9e situ\u00e9 sur la rivi\u00e8re du m\u00eame nom \u00e0 Laval et Rosem\u00e8re. Le territoire du refuge est compos\u00e9 de dix \u00eeles ayant une superficie totale de 26 ha. Elle est g\u00e9r\u00e9e par l&#039;organisme \u00c9co-Nature\" \/>\n<meta property=\"og:url\" content=\"https:\/\/www.parc-mille-iles.qc.ca\/en\/four-reasons-to-visit-cafe-de-larchipel\/\" \/>\n<meta property=\"og:site_name\" content=\"Parc de la Rivi\u00e8re-des-Mille-\u00celes\" \/>\n<meta property=\"article:publisher\" content=\"https:\/\/fr-ca.facebook.com\/parc1000iles\/\" \/>\n<meta property=\"article:published_time\" content=\"2021-09-30T20:52:25+00:00\" \/>\n<meta property=\"article:modified_time\" content=\"2024-05-30T21:05:03+00:00\" \/>\n<meta property=\"og:image\" content=\"https:\/\/www.parc-mille-iles.qc.ca\/wp-content\/uploads\/2021\/09\/terasse.jpg\" \/>\n\t<meta property=\"og:image:width\" content=\"892\" \/>\n\t<meta property=\"og:image:height\" content=\"863\" \/>\n\t<meta property=\"og:image:type\" content=\"image\/jpeg\" \/>\n<meta name=\"author\" content=\"communication\" \/>\n<meta name=\"twitter:card\" content=\"summary_large_image\" \/>\n<meta name=\"twitter:label1\" content=\"Written by\" \/>\n\t<meta name=\"twitter:data1\" content=\"communication\" \/>\n\t<meta name=\"twitter:label2\" content=\"Est. reading time\" \/>\n\t<meta name=\"twitter:data2\" content=\"2 minutes\" \/>\n<script type=\"application\/ld+json\" class=\"yoast-schema-graph\">{\"@context\":\"https:\\\/\\\/schema.org\",\"@graph\":[{\"@type\":\"Article\",\"@id\":\"https:\\\/\\\/www.parc-mille-iles.qc.ca\\\/en\\\/four-reasons-to-visit-cafe-de-larchipel\\\/#article\",\"isPartOf\":{\"@id\":\"https:\\\/\\\/www.parc-mille-iles.qc.ca\\\/en\\\/four-reasons-to-visit-cafe-de-larchipel\\\/\"},\"author\":{\"name\":\"communication\",\"@id\":\"https:\\\/\\\/www.parc-mille-iles.qc.ca\\\/#\\\/schema\\\/person\\\/104238a021773b2655089c28db218b19\"},\"headline\":\"Four reasons to visit Caf\u00e9 de l&#8217;Archipel\",\"datePublished\":\"2021-09-30T20:52:25+00:00\",\"dateModified\":\"2024-05-30T21:05:03+00:00\",\"mainEntityOfPage\":{\"@id\":\"https:\\\/\\\/www.parc-mille-iles.qc.ca\\\/en\\\/four-reasons-to-visit-cafe-de-larchipel\\\/\"},\"wordCount\":276,\"image\":{\"@id\":\"https:\\\/\\\/www.parc-mille-iles.qc.ca\\\/en\\\/four-reasons-to-visit-cafe-de-larchipel\\\/#primaryimage\"},\"thumbnailUrl\":\"https:\\\/\\\/www.parc-mille-iles.qc.ca\\\/wp-content\\\/uploads\\\/2021\\\/09\\\/terasse.jpg\",\"inLanguage\":\"en-US\"},{\"@type\":\"WebPage\",\"@id\":\"https:\\\/\\\/www.parc-mille-iles.qc.ca\\\/en\\\/four-reasons-to-visit-cafe-de-larchipel\\\/\",\"url\":\"https:\\\/\\\/www.parc-mille-iles.qc.ca\\\/en\\\/four-reasons-to-visit-cafe-de-larchipel\\\/\",\"name\":\"Four reasons to visit Caf\u00e9 de l'Archipel - Parc de la Rivi\u00e8re-des-Mille-\u00celes\",\"isPartOf\":{\"@id\":\"https:\\\/\\\/www.parc-mille-iles.qc.ca\\\/#website\"},\"primaryImageOfPage\":{\"@id\":\"https:\\\/\\\/www.parc-mille-iles.qc.ca\\\/en\\\/four-reasons-to-visit-cafe-de-larchipel\\\/#primaryimage\"},\"image\":{\"@id\":\"https:\\\/\\\/www.parc-mille-iles.qc.ca\\\/en\\\/four-reasons-to-visit-cafe-de-larchipel\\\/#primaryimage\"},\"thumbnailUrl\":\"https:\\\/\\\/www.parc-mille-iles.qc.ca\\\/wp-content\\\/uploads\\\/2021\\\/09\\\/terasse.jpg\",\"datePublished\":\"2021-09-30T20:52:25+00:00\",\"dateModified\":\"2024-05-30T21:05:03+00:00\",\"author\":{\"@id\":\"https:\\\/\\\/www.parc-mille-iles.qc.ca\\\/#\\\/schema\\\/person\\\/104238a021773b2655089c28db218b19\"},\"description\":\"Le refuge faunique de la Rivi\u00e8re-des-Mille-\u00celes est une aire prot\u00e9g\u00e9e situ\u00e9 sur la rivi\u00e8re du m\u00eame nom \u00e0 Laval et Rosem\u00e8re. Le territoire du refuge est compos\u00e9 de dix \u00eeles ayant une superficie totale de 26 ha. Elle est g\u00e9r\u00e9e par l'organisme \u00c9co-Nature\",\"breadcrumb\":{\"@id\":\"https:\\\/\\\/www.parc-mille-iles.qc.ca\\\/en\\\/four-reasons-to-visit-cafe-de-larchipel\\\/#breadcrumb\"},\"inLanguage\":\"en-US\",\"potentialAction\":[{\"@type\":\"ReadAction\",\"target\":[\"https:\\\/\\\/www.parc-mille-iles.qc.ca\\\/en\\\/four-reasons-to-visit-cafe-de-larchipel\\\/\"]}]},{\"@type\":\"ImageObject\",\"inLanguage\":\"en-US\",\"@id\":\"https:\\\/\\\/www.parc-mille-iles.qc.ca\\\/en\\\/four-reasons-to-visit-cafe-de-larchipel\\\/#primaryimage\",\"url\":\"https:\\\/\\\/www.parc-mille-iles.qc.ca\\\/wp-content\\\/uploads\\\/2021\\\/09\\\/terasse.jpg\",\"contentUrl\":\"https:\\\/\\\/www.parc-mille-iles.qc.ca\\\/wp-content\\\/uploads\\\/2021\\\/09\\\/terasse.jpg\",\"width\":892,\"height\":863},{\"@type\":\"BreadcrumbList\",\"@id\":\"https:\\\/\\\/www.parc-mille-iles.qc.ca\\\/en\\\/four-reasons-to-visit-cafe-de-larchipel\\\/#breadcrumb\",\"itemListElement\":[{\"@type\":\"ListItem\",\"position\":1,\"name\":\"Accueil\",\"item\":\"https:\\\/\\\/www.parc-mille-iles.qc.ca\\\/en\\\/\"},{\"@type\":\"ListItem\",\"position\":2,\"name\":\"Four reasons to visit Caf\u00e9 de l&#8217;Archipel\"}]},{\"@type\":\"WebSite\",\"@id\":\"https:\\\/\\\/www.parc-mille-iles.qc.ca\\\/#website\",\"url\":\"https:\\\/\\\/www.parc-mille-iles.qc.ca\\\/\",\"name\":\"Parc de la Rivi\u00e8re-des-Mille-\u00celes\",\"description\":\"\",\"potentialAction\":[{\"@type\":\"SearchAction\",\"target\":{\"@type\":\"EntryPoint\",\"urlTemplate\":\"https:\\\/\\\/www.parc-mille-iles.qc.ca\\\/?s={search_term_string}\"},\"query-input\":{\"@type\":\"PropertyValueSpecification\",\"valueRequired\":true,\"valueName\":\"search_term_string\"}}],\"inLanguage\":\"en-US\"},{\"@type\":\"Person\",\"@id\":\"https:\\\/\\\/www.parc-mille-iles.qc.ca\\\/#\\\/schema\\\/person\\\/104238a021773b2655089c28db218b19\",\"name\":\"communication\",\"image\":{\"@type\":\"ImageObject\",\"inLanguage\":\"en-US\",\"@id\":\"https:\\\/\\\/secure.gravatar.com\\\/avatar\\\/8566990cef04c0538f98e1cea03f56797c10d480053cd560e97fc8278af5a701?s=96&d=mm&r=g\",\"url\":\"https:\\\/\\\/secure.gravatar.com\\\/avatar\\\/8566990cef04c0538f98e1cea03f56797c10d480053cd560e97fc8278af5a701?s=96&d=mm&r=g\",\"contentUrl\":\"https:\\\/\\\/secure.gravatar.com\\\/avatar\\\/8566990cef04c0538f98e1cea03f56797c10d480053cd560e97fc8278af5a701?s=96&d=mm&r=g\",\"caption\":\"communication\"}}]}<\/script>\n<!-- \/ Yoast SEO plugin. -->","yoast_head_json":{"title":"Four reasons to visit Caf\u00e9 de l'Archipel - Parc de la Rivi\u00e8re-des-Mille-\u00celes","description":"Le refuge faunique de la Rivi\u00e8re-des-Mille-\u00celes est une aire prot\u00e9g\u00e9e situ\u00e9 sur la rivi\u00e8re du m\u00eame nom \u00e0 Laval et Rosem\u00e8re. Le territoire du refuge est compos\u00e9 de dix \u00eeles ayant une superficie totale de 26 ha. Elle est g\u00e9r\u00e9e par l'organisme \u00c9co-Nature","robots":{"index":"index","follow":"follow","max-snippet":"max-snippet:-1","max-image-preview":"max-image-preview:large","max-video-preview":"max-video-preview:-1"},"canonical":"https:\/\/www.parc-mille-iles.qc.ca\/en\/four-reasons-to-visit-cafe-de-larchipel\/","og_locale":"en_US","og_type":"article","og_title":"Four reasons to visit Caf\u00e9 de l'Archipel - Parc de la Rivi\u00e8re-des-Mille-\u00celes","og_description":"Le refuge faunique de la Rivi\u00e8re-des-Mille-\u00celes est une aire prot\u00e9g\u00e9e situ\u00e9 sur la rivi\u00e8re du m\u00eame nom \u00e0 Laval et Rosem\u00e8re. Le territoire du refuge est compos\u00e9 de dix \u00eeles ayant une superficie totale de 26 ha. Elle est g\u00e9r\u00e9e par l'organisme \u00c9co-Nature","og_url":"https:\/\/www.parc-mille-iles.qc.ca\/en\/four-reasons-to-visit-cafe-de-larchipel\/","og_site_name":"Parc de la Rivi\u00e8re-des-Mille-\u00celes","article_publisher":"https:\/\/fr-ca.facebook.com\/parc1000iles\/","article_published_time":"2021-09-30T20:52:25+00:00","article_modified_time":"2024-05-30T21:05:03+00:00","og_image":[{"width":892,"height":863,"url":"https:\/\/www.parc-mille-iles.qc.ca\/wp-content\/uploads\/2021\/09\/terasse.jpg","type":"image\/jpeg"}],"author":"communication","twitter_card":"summary_large_image","twitter_misc":{"Written by":"communication","Est. reading time":"2 minutes"},"schema":{"@context":"https:\/\/schema.org","@graph":[{"@type":"Article","@id":"https:\/\/www.parc-mille-iles.qc.ca\/en\/four-reasons-to-visit-cafe-de-larchipel\/#article","isPartOf":{"@id":"https:\/\/www.parc-mille-iles.qc.ca\/en\/four-reasons-to-visit-cafe-de-larchipel\/"},"author":{"name":"communication","@id":"https:\/\/www.parc-mille-iles.qc.ca\/#\/schema\/person\/104238a021773b2655089c28db218b19"},"headline":"Four reasons to visit Caf\u00e9 de l&#8217;Archipel","datePublished":"2021-09-30T20:52:25+00:00","dateModified":"2024-05-30T21:05:03+00:00","mainEntityOfPage":{"@id":"https:\/\/www.parc-mille-iles.qc.ca\/en\/four-reasons-to-visit-cafe-de-larchipel\/"},"wordCount":276,"image":{"@id":"https:\/\/www.parc-mille-iles.qc.ca\/en\/four-reasons-to-visit-cafe-de-larchipel\/#primaryimage"},"thumbnailUrl":"https:\/\/www.parc-mille-iles.qc.ca\/wp-content\/uploads\/2021\/09\/terasse.jpg","inLanguage":"en-US"},{"@type":"WebPage","@id":"https:\/\/www.parc-mille-iles.qc.ca\/en\/four-reasons-to-visit-cafe-de-larchipel\/","url":"https:\/\/www.parc-mille-iles.qc.ca\/en\/four-reasons-to-visit-cafe-de-larchipel\/","name":"Four reasons to visit Caf\u00e9 de l'Archipel - Parc de la Rivi\u00e8re-des-Mille-\u00celes","isPartOf":{"@id":"https:\/\/www.parc-mille-iles.qc.ca\/#website"},"primaryImageOfPage":{"@id":"https:\/\/www.parc-mille-iles.qc.ca\/en\/four-reasons-to-visit-cafe-de-larchipel\/#primaryimage"},"image":{"@id":"https:\/\/www.parc-mille-iles.qc.ca\/en\/four-reasons-to-visit-cafe-de-larchipel\/#primaryimage"},"thumbnailUrl":"https:\/\/www.parc-mille-iles.qc.ca\/wp-content\/uploads\/2021\/09\/terasse.jpg","datePublished":"2021-09-30T20:52:25+00:00","dateModified":"2024-05-30T21:05:03+00:00","author":{"@id":"https:\/\/www.parc-mille-iles.qc.ca\/#\/schema\/person\/104238a021773b2655089c28db218b19"},"description":"Le refuge faunique de la Rivi\u00e8re-des-Mille-\u00celes est une aire prot\u00e9g\u00e9e situ\u00e9 sur la rivi\u00e8re du m\u00eame nom \u00e0 Laval et Rosem\u00e8re. Le territoire du refuge est compos\u00e9 de dix \u00eeles ayant une superficie totale de 26 ha. Elle est g\u00e9r\u00e9e par l'organisme \u00c9co-Nature","breadcrumb":{"@id":"https:\/\/www.parc-mille-iles.qc.ca\/en\/four-reasons-to-visit-cafe-de-larchipel\/#breadcrumb"},"inLanguage":"en-US","potentialAction":[{"@type":"ReadAction","target":["https:\/\/www.parc-mille-iles.qc.ca\/en\/four-reasons-to-visit-cafe-de-larchipel\/"]}]},{"@type":"ImageObject","inLanguage":"en-US","@id":"https:\/\/www.parc-mille-iles.qc.ca\/en\/four-reasons-to-visit-cafe-de-larchipel\/#primaryimage","url":"https:\/\/www.parc-mille-iles.qc.ca\/wp-content\/uploads\/2021\/09\/terasse.jpg","contentUrl":"https:\/\/www.parc-mille-iles.qc.ca\/wp-content\/uploads\/2021\/09\/terasse.jpg","width":892,"height":863},{"@type":"BreadcrumbList","@id":"https:\/\/www.parc-mille-iles.qc.ca\/en\/four-reasons-to-visit-cafe-de-larchipel\/#breadcrumb","itemListElement":[{"@type":"ListItem","position":1,"name":"Accueil","item":"https:\/\/www.parc-mille-iles.qc.ca\/en\/"},{"@type":"ListItem","position":2,"name":"Four reasons to visit Caf\u00e9 de l&#8217;Archipel"}]},{"@type":"WebSite","@id":"https:\/\/www.parc-mille-iles.qc.ca\/#website","url":"https:\/\/www.parc-mille-iles.qc.ca\/","name":"Parc de la Rivi\u00e8re-des-Mille-\u00celes","description":"","potentialAction":[{"@type":"SearchAction","target":{"@type":"EntryPoint","urlTemplate":"https:\/\/www.parc-mille-iles.qc.ca\/?s={search_term_string}"},"query-input":{"@type":"PropertyValueSpecification","valueRequired":true,"valueName":"search_term_string"}}],"inLanguage":"en-US"},{"@type":"Person","@id":"https:\/\/www.parc-mille-iles.qc.ca\/#\/schema\/person\/104238a021773b2655089c28db218b19","name":"communication","image":{"@type":"ImageObject","inLanguage":"en-US","@id":"https:\/\/secure.gravatar.com\/avatar\/8566990cef04c0538f98e1cea03f56797c10d480053cd560e97fc8278af5a701?s=96&d=mm&r=g","url":"https:\/\/secure.gravatar.com\/avatar\/8566990cef04c0538f98e1cea03f56797c10d480053cd560e97fc8278af5a701?s=96&d=mm&r=g","contentUrl":"https:\/\/secure.gravatar.com\/avatar\/8566990cef04c0538f98e1cea03f56797c10d480053cd560e97fc8278af5a701?s=96&d=mm&r=g","caption":"communication"}}]}},"_links":{"self":[{"href":"https:\/\/www.parc-mille-iles.qc.ca\/en\/wp-json\/wp\/v2\/posts\/10076","targetHints":{"allow":["GET"]}}],"collection":[{"href":"https:\/\/www.parc-mille-iles.qc.ca\/en\/wp-json\/wp\/v2\/posts"}],"about":[{"href":"https:\/\/www.parc-mille-iles.qc.ca\/en\/wp-json\/wp\/v2\/types\/post"}],"author":[{"embeddable":true,"href":"https:\/\/www.parc-mille-iles.qc.ca\/en\/wp-json\/wp\/v2\/users\/11"}],"replies":[{"embeddable":true,"href":"https:\/\/www.parc-mille-iles.qc.ca\/en\/wp-json\/wp\/v2\/comments?post=10076"}],"version-history":[{"count":1,"href":"https:\/\/www.parc-mille-iles.qc.ca\/en\/wp-json\/wp\/v2\/posts\/10076\/revisions"}],"predecessor-version":[{"id":10077,"href":"https:\/\/www.parc-mille-iles.qc.ca\/en\/wp-json\/wp\/v2\/posts\/10076\/revisions\/10077"}],"wp:featuredmedia":[{"embeddable":true,"href":"https:\/\/www.parc-mille-iles.qc.ca\/en\/wp-json\/wp\/v2\/media\/7139"}],"wp:attachment":[{"href":"https:\/\/www.parc-mille-iles.qc.ca\/en\/wp-json\/wp\/v2\/media?parent=10076"}],"wp:term":[{"taxonomy":"category","embeddable":true,"href":"https:\/\/www.parc-mille-iles.qc.ca\/en\/wp-json\/wp\/v2\/categories?post=10076"},{"taxonomy":"post_tag","embeddable":true,"href":"https:\/\/www.parc-mille-iles.qc.ca\/en\/wp-json\/wp\/v2\/tags?post=10076"}],"curies":[{"name":"wp","href":"https:\/\/api.w.org\/{rel}","templated":true}]}}