{"id":10100,"date":"2020-02-26T11:36:16","date_gmt":"2020-02-26T16:36:16","guid":{"rendered":"https:\/\/www.parc-mille-iles.qc.ca\/?p=10100"},"modified":"2024-05-31T11:47:08","modified_gmt":"2024-05-31T15:47:08","slug":"relax-learn-and-have-fun","status":"publish","type":"post","link":"https:\/\/www.parc-mille-iles.qc.ca\/en\/relax-learn-and-have-fun\/","title":{"rendered":"Relax, learn and have fun!"},"content":{"rendered":"<h3>Spring break is just around the corner&#8230;<\/h3>\r\n<p>What could be more exciting than indoor and outdoor activities that are as fun as they are educational?<\/p>\r\n<p>You&#8217;re not dreaming!<\/p>\r\n<p><strong>Parc de la Rivi\u00e8re-des-Milles-\u00celes<\/strong> offers a variety of activities to get you away from it all. It&#8217;s the perfect opportunity to spend some quality time with family, with friends, or on your own.<\/p>\r\n<p><strong>Every day, between 10:30 a.m. and 12:00 p.m. and 1:30 p.m. and 3:00 p.m.<\/strong>, our Exploration Center awaits you for a <strong><a href=\"https:\/\/www.parc-mille-iles.qc.ca\/en\/activities\/guided-tour-of-the-exposition-and-laboratory\/\">guided tour of the exhibition and lab<\/a><\/strong>. You&#8217;ll have the opportunity to discover our new <a href=\"https:\/\/www.parc-mille-iles.qc.ca\/en\/activities\/believe-it-or-not\/\"><em><strong>Believe it or Not!<\/strong><\/em><\/a> exhibition, accompanied by one of our animator-guides. This fascinating exhibition immerses you in the history of our refuge and the incredible wildlife that inhabits it. You&#8217;ll also have the chance to visit the <strong>ecology laboratory<\/strong> and meet some very surprising creatures. The perfect activity for the curious of all ages!<\/p>\r\n<p>If you love fresh air, we&#8217;ve got the perfect activity for you to spend a <strong>memorable afternoon<\/strong> in an enchanting setting. <strong>On Saturday and Sunday<\/strong>, the <a href=\"https:\/\/www.parc-mille-iles.qc.ca\/en\/activities\/peche-blanche-familiale-guidee-programme-peche-en-herbe\/\"><strong>guided family fishing activity<\/strong><\/a> is the perfect opportunity to learn more about the fish that inhabit the river. It&#8217;s the perfect time to develop fishing techniques, discover the best spots and even pick up some culinary tips. You&#8217;ll even have the chance to enjoy a delicious tasting session!<\/p>\r\n<p>Finally, thanks to the <a href=\"https:\/\/www.quebec.ca\/en\/government\/ministere\/ressources-naturelles-forets\"><strong>Minist\u00e8re des For\u00eats, de la Faune et des Parcs<\/strong><\/a>, we&#8217;re pleased to offer families a <strong>50% discount on cabin rentals<\/strong> (Monday to Friday until the end of the fishing season) for the full day, at $47.50. A real bargain!<\/p>\r\n<p>We look forward to seeing you during <strong>Spring Break<\/strong>, where you&#8217;ll have the perfect opportunity to learn, have fun and get away from it all!<\/p>","protected":false},"excerpt":{"rendered":"<p>Spring break is just around the corner&#8230;<br \/>\nWhat could be more exciting than indoor and outdoor activities that are as fun as they are educational?<br \/>\nYou&#8217;re not dreaming!<br \/>\nParc de la Rivi\u00e8re-des-Milles-\u00celes offers a variety of activities to get you away from it all. It&#8217;s the perfect opportunity to spend some quality time with family, with friends, or on your own.<br \/>\nEvery day, between 10:30 a.m. and 12:00 p.m. and 1:30 p.m. and 3:00 p.m., [&#8230;]<\/p>\n","protected":false},"author":11,"featured_media":3625,"comment_status":"closed","ping_status":"closed","sticky":false,"template":"","format":"standard","meta":{"_acf_changed":false,"footnotes":""},"categories":[29],"tags":[],"class_list":["post-10100","post","type-post","status-publish","format-standard","has-post-thumbnail","hentry","category-uncategorized"],"acf":[],"yoast_head":"<!-- This site is optimized with the Yoast SEO plugin v27.5 - https:\/\/yoast.com\/product\/yoast-seo-wordpress\/ -->\n<title>Relax, learn and have fun! - Parc de la Rivi\u00e8re-des-Mille-\u00celes<\/title>\n<meta name=\"description\" content=\"Le refuge faunique de la Rivi\u00e8re-des-Mille-\u00celes est une aire prot\u00e9g\u00e9e situ\u00e9 sur la rivi\u00e8re du m\u00eame nom \u00e0 Laval et Rosem\u00e8re. Le territoire du refuge est compos\u00e9 de dix \u00eeles ayant une superficie totale de 26 ha. Elle est g\u00e9r\u00e9e par l&#039;organisme \u00c9co-Nature\" \/>\n<meta name=\"robots\" content=\"index, follow, max-snippet:-1, max-image-preview:large, max-video-preview:-1\" \/>\n<link rel=\"canonical\" href=\"https:\/\/www.parc-mille-iles.qc.ca\/se-relaxer-se-cultiver-samuser\/\" \/>\n<meta property=\"og:locale\" content=\"en_US\" \/>\n<meta property=\"og:type\" content=\"article\" \/>\n<meta property=\"og:title\" content=\"Relax, learn and have fun! - Parc de la Rivi\u00e8re-des-Mille-\u00celes\" \/>\n<meta property=\"og:description\" content=\"Le refuge faunique de la Rivi\u00e8re-des-Mille-\u00celes est une aire prot\u00e9g\u00e9e situ\u00e9 sur la rivi\u00e8re du m\u00eame nom \u00e0 Laval et Rosem\u00e8re. Le territoire du refuge est compos\u00e9 de dix \u00eeles ayant une superficie totale de 26 ha. Elle est g\u00e9r\u00e9e par l&#039;organisme \u00c9co-Nature\" \/>\n<meta property=\"og:url\" content=\"https:\/\/www.parc-mille-iles.qc.ca\/se-relaxer-se-cultiver-samuser\/\" \/>\n<meta property=\"og:site_name\" content=\"Parc de la Rivi\u00e8re-des-Mille-\u00celes\" \/>\n<meta property=\"article:publisher\" content=\"https:\/\/fr-ca.facebook.com\/parc1000iles\/\" \/>\n<meta property=\"article:published_time\" content=\"2020-02-26T16:36:16+00:00\" \/>\n<meta property=\"article:modified_time\" content=\"2024-05-31T15:47:08+00:00\" \/>\n<meta property=\"og:image\" content=\"https:\/\/www.parc-mille-iles.qc.ca\/wp-content\/uploads\/2019\/12\/Capture_famille_hiver_2.png\" \/>\n\t<meta property=\"og:image:width\" content=\"1384\" \/>\n\t<meta property=\"og:image:height\" content=\"924\" \/>\n\t<meta property=\"og:image:type\" content=\"image\/png\" \/>\n<meta name=\"author\" content=\"communication\" \/>\n<meta name=\"twitter:card\" content=\"summary_large_image\" \/>\n<meta name=\"twitter:label1\" content=\"Written by\" \/>\n\t<meta name=\"twitter:data1\" content=\"communication\" \/>\n\t<meta name=\"twitter:label2\" content=\"Est. reading time\" \/>\n\t<meta name=\"twitter:data2\" content=\"2 minutes\" \/>\n<script type=\"application\/ld+json\" class=\"yoast-schema-graph\">{\"@context\":\"https:\\\/\\\/schema.org\",\"@graph\":[{\"@type\":\"Article\",\"@id\":\"https:\\\/\\\/www.parc-mille-iles.qc.ca\\\/se-relaxer-se-cultiver-samuser\\\/#article\",\"isPartOf\":{\"@id\":\"https:\\\/\\\/www.parc-mille-iles.qc.ca\\\/se-relaxer-se-cultiver-samuser\\\/\"},\"author\":{\"name\":\"communication\",\"@id\":\"https:\\\/\\\/www.parc-mille-iles.qc.ca\\\/#\\\/schema\\\/person\\\/104238a021773b2655089c28db218b19\"},\"headline\":\"Relax, learn and have fun!\",\"datePublished\":\"2020-02-26T16:36:16+00:00\",\"dateModified\":\"2024-05-31T15:47:08+00:00\",\"mainEntityOfPage\":{\"@id\":\"https:\\\/\\\/www.parc-mille-iles.qc.ca\\\/se-relaxer-se-cultiver-samuser\\\/\"},\"wordCount\":309,\"image\":{\"@id\":\"https:\\\/\\\/www.parc-mille-iles.qc.ca\\\/se-relaxer-se-cultiver-samuser\\\/#primaryimage\"},\"thumbnailUrl\":\"https:\\\/\\\/www.parc-mille-iles.qc.ca\\\/wp-content\\\/uploads\\\/2019\\\/12\\\/Capture_famille_hiver_2.png\",\"inLanguage\":\"en-US\"},{\"@type\":\"WebPage\",\"@id\":\"https:\\\/\\\/www.parc-mille-iles.qc.ca\\\/se-relaxer-se-cultiver-samuser\\\/\",\"url\":\"https:\\\/\\\/www.parc-mille-iles.qc.ca\\\/se-relaxer-se-cultiver-samuser\\\/\",\"name\":\"Relax, learn and have fun! - Parc de la Rivi\u00e8re-des-Mille-\u00celes\",\"isPartOf\":{\"@id\":\"https:\\\/\\\/www.parc-mille-iles.qc.ca\\\/#website\"},\"primaryImageOfPage\":{\"@id\":\"https:\\\/\\\/www.parc-mille-iles.qc.ca\\\/se-relaxer-se-cultiver-samuser\\\/#primaryimage\"},\"image\":{\"@id\":\"https:\\\/\\\/www.parc-mille-iles.qc.ca\\\/se-relaxer-se-cultiver-samuser\\\/#primaryimage\"},\"thumbnailUrl\":\"https:\\\/\\\/www.parc-mille-iles.qc.ca\\\/wp-content\\\/uploads\\\/2019\\\/12\\\/Capture_famille_hiver_2.png\",\"datePublished\":\"2020-02-26T16:36:16+00:00\",\"dateModified\":\"2024-05-31T15:47:08+00:00\",\"author\":{\"@id\":\"https:\\\/\\\/www.parc-mille-iles.qc.ca\\\/#\\\/schema\\\/person\\\/104238a021773b2655089c28db218b19\"},\"description\":\"Le refuge faunique de la Rivi\u00e8re-des-Mille-\u00celes est une aire prot\u00e9g\u00e9e situ\u00e9 sur la rivi\u00e8re du m\u00eame nom \u00e0 Laval et Rosem\u00e8re. Le territoire du refuge est compos\u00e9 de dix \u00eeles ayant une superficie totale de 26 ha. Elle est g\u00e9r\u00e9e par l'organisme \u00c9co-Nature\",\"breadcrumb\":{\"@id\":\"https:\\\/\\\/www.parc-mille-iles.qc.ca\\\/se-relaxer-se-cultiver-samuser\\\/#breadcrumb\"},\"inLanguage\":\"en-US\",\"potentialAction\":[{\"@type\":\"ReadAction\",\"target\":[\"https:\\\/\\\/www.parc-mille-iles.qc.ca\\\/se-relaxer-se-cultiver-samuser\\\/\"]}]},{\"@type\":\"ImageObject\",\"inLanguage\":\"en-US\",\"@id\":\"https:\\\/\\\/www.parc-mille-iles.qc.ca\\\/se-relaxer-se-cultiver-samuser\\\/#primaryimage\",\"url\":\"https:\\\/\\\/www.parc-mille-iles.qc.ca\\\/wp-content\\\/uploads\\\/2019\\\/12\\\/Capture_famille_hiver_2.png\",\"contentUrl\":\"https:\\\/\\\/www.parc-mille-iles.qc.ca\\\/wp-content\\\/uploads\\\/2019\\\/12\\\/Capture_famille_hiver_2.png\",\"width\":1384,\"height\":924},{\"@type\":\"BreadcrumbList\",\"@id\":\"https:\\\/\\\/www.parc-mille-iles.qc.ca\\\/se-relaxer-se-cultiver-samuser\\\/#breadcrumb\",\"itemListElement\":[{\"@type\":\"ListItem\",\"position\":1,\"name\":\"Accueil\",\"item\":\"https:\\\/\\\/www.parc-mille-iles.qc.ca\\\/en\\\/\"},{\"@type\":\"ListItem\",\"position\":2,\"name\":\"Relax, learn and have fun!\"}]},{\"@type\":\"WebSite\",\"@id\":\"https:\\\/\\\/www.parc-mille-iles.qc.ca\\\/#website\",\"url\":\"https:\\\/\\\/www.parc-mille-iles.qc.ca\\\/\",\"name\":\"Parc de la Rivi\u00e8re-des-Mille-\u00celes\",\"description\":\"\",\"potentialAction\":[{\"@type\":\"SearchAction\",\"target\":{\"@type\":\"EntryPoint\",\"urlTemplate\":\"https:\\\/\\\/www.parc-mille-iles.qc.ca\\\/?s={search_term_string}\"},\"query-input\":{\"@type\":\"PropertyValueSpecification\",\"valueRequired\":true,\"valueName\":\"search_term_string\"}}],\"inLanguage\":\"en-US\"},{\"@type\":\"Person\",\"@id\":\"https:\\\/\\\/www.parc-mille-iles.qc.ca\\\/#\\\/schema\\\/person\\\/104238a021773b2655089c28db218b19\",\"name\":\"communication\",\"image\":{\"@type\":\"ImageObject\",\"inLanguage\":\"en-US\",\"@id\":\"https:\\\/\\\/secure.gravatar.com\\\/avatar\\\/8566990cef04c0538f98e1cea03f56797c10d480053cd560e97fc8278af5a701?s=96&d=mm&r=g\",\"url\":\"https:\\\/\\\/secure.gravatar.com\\\/avatar\\\/8566990cef04c0538f98e1cea03f56797c10d480053cd560e97fc8278af5a701?s=96&d=mm&r=g\",\"contentUrl\":\"https:\\\/\\\/secure.gravatar.com\\\/avatar\\\/8566990cef04c0538f98e1cea03f56797c10d480053cd560e97fc8278af5a701?s=96&d=mm&r=g\",\"caption\":\"communication\"}}]}<\/script>\n<!-- \/ Yoast SEO plugin. -->","yoast_head_json":{"title":"Relax, learn and have fun! - Parc de la Rivi\u00e8re-des-Mille-\u00celes","description":"Le refuge faunique de la Rivi\u00e8re-des-Mille-\u00celes est une aire prot\u00e9g\u00e9e situ\u00e9 sur la rivi\u00e8re du m\u00eame nom \u00e0 Laval et Rosem\u00e8re. Le territoire du refuge est compos\u00e9 de dix \u00eeles ayant une superficie totale de 26 ha. Elle est g\u00e9r\u00e9e par l'organisme \u00c9co-Nature","robots":{"index":"index","follow":"follow","max-snippet":"max-snippet:-1","max-image-preview":"max-image-preview:large","max-video-preview":"max-video-preview:-1"},"canonical":"https:\/\/www.parc-mille-iles.qc.ca\/se-relaxer-se-cultiver-samuser\/","og_locale":"en_US","og_type":"article","og_title":"Relax, learn and have fun! - Parc de la Rivi\u00e8re-des-Mille-\u00celes","og_description":"Le refuge faunique de la Rivi\u00e8re-des-Mille-\u00celes est une aire prot\u00e9g\u00e9e situ\u00e9 sur la rivi\u00e8re du m\u00eame nom \u00e0 Laval et Rosem\u00e8re. Le territoire du refuge est compos\u00e9 de dix \u00eeles ayant une superficie totale de 26 ha. Elle est g\u00e9r\u00e9e par l'organisme \u00c9co-Nature","og_url":"https:\/\/www.parc-mille-iles.qc.ca\/se-relaxer-se-cultiver-samuser\/","og_site_name":"Parc de la Rivi\u00e8re-des-Mille-\u00celes","article_publisher":"https:\/\/fr-ca.facebook.com\/parc1000iles\/","article_published_time":"2020-02-26T16:36:16+00:00","article_modified_time":"2024-05-31T15:47:08+00:00","og_image":[{"width":1384,"height":924,"url":"https:\/\/www.parc-mille-iles.qc.ca\/wp-content\/uploads\/2019\/12\/Capture_famille_hiver_2.png","type":"image\/png"}],"author":"communication","twitter_card":"summary_large_image","twitter_misc":{"Written by":"communication","Est. reading time":"2 minutes"},"schema":{"@context":"https:\/\/schema.org","@graph":[{"@type":"Article","@id":"https:\/\/www.parc-mille-iles.qc.ca\/se-relaxer-se-cultiver-samuser\/#article","isPartOf":{"@id":"https:\/\/www.parc-mille-iles.qc.ca\/se-relaxer-se-cultiver-samuser\/"},"author":{"name":"communication","@id":"https:\/\/www.parc-mille-iles.qc.ca\/#\/schema\/person\/104238a021773b2655089c28db218b19"},"headline":"Relax, learn and have fun!","datePublished":"2020-02-26T16:36:16+00:00","dateModified":"2024-05-31T15:47:08+00:00","mainEntityOfPage":{"@id":"https:\/\/www.parc-mille-iles.qc.ca\/se-relaxer-se-cultiver-samuser\/"},"wordCount":309,"image":{"@id":"https:\/\/www.parc-mille-iles.qc.ca\/se-relaxer-se-cultiver-samuser\/#primaryimage"},"thumbnailUrl":"https:\/\/www.parc-mille-iles.qc.ca\/wp-content\/uploads\/2019\/12\/Capture_famille_hiver_2.png","inLanguage":"en-US"},{"@type":"WebPage","@id":"https:\/\/www.parc-mille-iles.qc.ca\/se-relaxer-se-cultiver-samuser\/","url":"https:\/\/www.parc-mille-iles.qc.ca\/se-relaxer-se-cultiver-samuser\/","name":"Relax, learn and have fun! - Parc de la Rivi\u00e8re-des-Mille-\u00celes","isPartOf":{"@id":"https:\/\/www.parc-mille-iles.qc.ca\/#website"},"primaryImageOfPage":{"@id":"https:\/\/www.parc-mille-iles.qc.ca\/se-relaxer-se-cultiver-samuser\/#primaryimage"},"image":{"@id":"https:\/\/www.parc-mille-iles.qc.ca\/se-relaxer-se-cultiver-samuser\/#primaryimage"},"thumbnailUrl":"https:\/\/www.parc-mille-iles.qc.ca\/wp-content\/uploads\/2019\/12\/Capture_famille_hiver_2.png","datePublished":"2020-02-26T16:36:16+00:00","dateModified":"2024-05-31T15:47:08+00:00","author":{"@id":"https:\/\/www.parc-mille-iles.qc.ca\/#\/schema\/person\/104238a021773b2655089c28db218b19"},"description":"Le refuge faunique de la Rivi\u00e8re-des-Mille-\u00celes est une aire prot\u00e9g\u00e9e situ\u00e9 sur la rivi\u00e8re du m\u00eame nom \u00e0 Laval et Rosem\u00e8re. Le territoire du refuge est compos\u00e9 de dix \u00eeles ayant une superficie totale de 26 ha. Elle est g\u00e9r\u00e9e par l'organisme \u00c9co-Nature","breadcrumb":{"@id":"https:\/\/www.parc-mille-iles.qc.ca\/se-relaxer-se-cultiver-samuser\/#breadcrumb"},"inLanguage":"en-US","potentialAction":[{"@type":"ReadAction","target":["https:\/\/www.parc-mille-iles.qc.ca\/se-relaxer-se-cultiver-samuser\/"]}]},{"@type":"ImageObject","inLanguage":"en-US","@id":"https:\/\/www.parc-mille-iles.qc.ca\/se-relaxer-se-cultiver-samuser\/#primaryimage","url":"https:\/\/www.parc-mille-iles.qc.ca\/wp-content\/uploads\/2019\/12\/Capture_famille_hiver_2.png","contentUrl":"https:\/\/www.parc-mille-iles.qc.ca\/wp-content\/uploads\/2019\/12\/Capture_famille_hiver_2.png","width":1384,"height":924},{"@type":"BreadcrumbList","@id":"https:\/\/www.parc-mille-iles.qc.ca\/se-relaxer-se-cultiver-samuser\/#breadcrumb","itemListElement":[{"@type":"ListItem","position":1,"name":"Accueil","item":"https:\/\/www.parc-mille-iles.qc.ca\/en\/"},{"@type":"ListItem","position":2,"name":"Relax, learn and have fun!"}]},{"@type":"WebSite","@id":"https:\/\/www.parc-mille-iles.qc.ca\/#website","url":"https:\/\/www.parc-mille-iles.qc.ca\/","name":"Parc de la Rivi\u00e8re-des-Mille-\u00celes","description":"","potentialAction":[{"@type":"SearchAction","target":{"@type":"EntryPoint","urlTemplate":"https:\/\/www.parc-mille-iles.qc.ca\/?s={search_term_string}"},"query-input":{"@type":"PropertyValueSpecification","valueRequired":true,"valueName":"search_term_string"}}],"inLanguage":"en-US"},{"@type":"Person","@id":"https:\/\/www.parc-mille-iles.qc.ca\/#\/schema\/person\/104238a021773b2655089c28db218b19","name":"communication","image":{"@type":"ImageObject","inLanguage":"en-US","@id":"https:\/\/secure.gravatar.com\/avatar\/8566990cef04c0538f98e1cea03f56797c10d480053cd560e97fc8278af5a701?s=96&d=mm&r=g","url":"https:\/\/secure.gravatar.com\/avatar\/8566990cef04c0538f98e1cea03f56797c10d480053cd560e97fc8278af5a701?s=96&d=mm&r=g","contentUrl":"https:\/\/secure.gravatar.com\/avatar\/8566990cef04c0538f98e1cea03f56797c10d480053cd560e97fc8278af5a701?s=96&d=mm&r=g","caption":"communication"}}]}},"_links":{"self":[{"href":"https:\/\/www.parc-mille-iles.qc.ca\/en\/wp-json\/wp\/v2\/posts\/10100","targetHints":{"allow":["GET"]}}],"collection":[{"href":"https:\/\/www.parc-mille-iles.qc.ca\/en\/wp-json\/wp\/v2\/posts"}],"about":[{"href":"https:\/\/www.parc-mille-iles.qc.ca\/en\/wp-json\/wp\/v2\/types\/post"}],"author":[{"embeddable":true,"href":"https:\/\/www.parc-mille-iles.qc.ca\/en\/wp-json\/wp\/v2\/users\/11"}],"replies":[{"embeddable":true,"href":"https:\/\/www.parc-mille-iles.qc.ca\/en\/wp-json\/wp\/v2\/comments?post=10100"}],"version-history":[{"count":1,"href":"https:\/\/www.parc-mille-iles.qc.ca\/en\/wp-json\/wp\/v2\/posts\/10100\/revisions"}],"predecessor-version":[{"id":10101,"href":"https:\/\/www.parc-mille-iles.qc.ca\/en\/wp-json\/wp\/v2\/posts\/10100\/revisions\/10101"}],"wp:featuredmedia":[{"embeddable":true,"href":"https:\/\/www.parc-mille-iles.qc.ca\/en\/wp-json\/wp\/v2\/media\/3625"}],"wp:attachment":[{"href":"https:\/\/www.parc-mille-iles.qc.ca\/en\/wp-json\/wp\/v2\/media?parent=10100"}],"wp:term":[{"taxonomy":"category","embeddable":true,"href":"https:\/\/www.parc-mille-iles.qc.ca\/en\/wp-json\/wp\/v2\/categories?post=10100"},{"taxonomy":"post_tag","embeddable":true,"href":"https:\/\/www.parc-mille-iles.qc.ca\/en\/wp-json\/wp\/v2\/tags?post=10100"}],"curies":[{"name":"wp","href":"https:\/\/api.w.org\/{rel}","templated":true}]}}